{"id":34426,"date":"2026-06-27T10:47:00","date_gmt":"2026-06-27T08:47:00","guid":{"rendered":"https:\/\/euapp01.newsmemory.com\/lamarseillaise\/news\/?p=34426"},"modified":"2026-06-30T12:37:47","modified_gmt":"2026-06-30T10:37:47","slug":"exposition-devotion-les-lendemains-de-la-peste-de-1720","status":"publish","type":"post","link":"https:\/\/euapp01.newsmemory.com\/lamarseillaise\/news\/2026\/06\/27\/exposition-devotion-les-lendemains-de-la-peste-de-1720\/","title":{"rendered":"Exposition \u00ab&nbsp;D\u00e9votion&nbsp;\u00bb, les lendemains de la Peste de 1720"},"content":{"rendered":"<div class=\"paragraph\">\n<p>Cette renomm\u00e9e ne concernait pas seulement les arts de la table. Dans le catalogue de cette exposition, Marina Laffon-Borelli, R\u00e9gis Bertrand, Jean-Manuel Sanchez et Daniele Maternati-Baldouy, qui fut entre 1995 et 2012 la conservatrice du mus\u00e9e de la fa\u00efence du Ch\u00e2teau Pastre, examinent les liens profonds que les grands feux pouvaient entretenir avec les mutations de la vie religieuse. \u00c0 c\u00f4t\u00e9 de sc\u00e8nes de l\u2019Ancien et du Nouveau Testament de multiples provenances &#8211; le Sacrifice d\u2019Abraham, un Bon Samaritain, le profil sur fond bleu de l\u2019\u00e9vang\u00e9liste Saint Jean qui figure sur l\u2019affiche -le mus\u00e9e de Notre-Dame r\u00e9unit en plaques d\u00e9coratives des portraits qui se souviennent de Della Robbia, des Christs, des Crucifix et des statues de la Vierge, des objets du culte principalement issus de la fabrique de Joseph Fauchier, proche du quartier de la Porte d\u2019Aix.<\/p>\n<p>Gravement endeuill\u00e9 par les d\u00e9c\u00e8s de six enfants, Fauchier \u0153uvra jusqu\u2019en 1751. Les s\u00e9quences religieuses de son travail s\u2019accordent avec le ressaisissement de Marseille au lendemain des catastrophes engendr\u00e9es par la Peste de 1720. En t\u00e9moigne \u00e0 sa fa\u00e7on un m\u00e9lange de sinc\u00e9rit\u00e9 et de fra\u00eecheur, la singularit\u00e9 de la Vierge \u00e0 l\u2019enfant qui illustre cet article. Les polychromies bleues et jaunes de cette statue, les motifs floraux de ses v\u00eatements, ses gestes qui ne cachent pas la nudit\u00e9 et la blondeur de l\u2019enfant, son discret d\u00e9hanchement ainsi que des menus d\u00e9tails (entre autres, au bout de ses sandales, le vernis de ses ongles) \u00e9tonneront les visiteurs.<\/p>\n<\/p><\/div>\n<div class=\"paragraph\">\n<p><i>Exposition \u00ab<\/i><i>\u00a0<\/i><i>D\u00e9votion<\/i><i>\u00a0<\/i><i>\u00bb, mus\u00e9e de la Basilique Notre-Dame de la Garde, jusqu\u2019au 22<\/i><i>\u00a0<\/i><i>novembre, tous les jours de 9h \u00e0 17h.<\/i><\/p>\n<\/p><\/div>\n","protected":false},"excerpt":{"rendered":"Cette renomm&eacute;e ne concernait pas seulement les arts de la table. Dans le catalogue de cette exposition, Marina Laffon-Borelli, R&eacute;gis Bertrand, Jean-Manuel Sanchez et Daniele Maternati-Baldouy, qui fut entre 1995 et 2012 la &#8230;","protected":false},"author":1,"featured_media":34427,"comment_status":"open","ping_status":"open","sticky":false,"template":"","format":"standard","meta":{"footnotes":""},"categories":[3923,3926,32],"tags":[10,279,16,3233,988,2001],"news-destination":[3944],"news-source":[475],"is_homepage":[],"ta_other":[],"class_list":["post-34426","post","type-post","status-publish","format-standard","has-post-thumbnail","hentry","category-accueil-first","category-accueil-merge","category-culture","tag-bouches-du-rhone","tag-exposition","tag-marseille","tag-notre-dame-de-la-garde","tag-week-end","tag-weekend","news-destination-homepage","news-source-website"],"_links":{"self":[{"href":"https:\/\/euapp01.newsmemory.com\/lamarseillaise\/news\/wp-json\/wp\/v2\/posts\/34426","targetHints":{"allow":["GET"]}}],"collection":[{"href":"https:\/\/euapp01.newsmemory.com\/lamarseillaise\/news\/wp-json\/wp\/v2\/posts"}],"about":[{"href":"https:\/\/euapp01.newsmemory.com\/lamarseillaise\/news\/wp-json\/wp\/v2\/types\/post"}],"author":[{"embeddable":true,"href":"https:\/\/euapp01.newsmemory.com\/lamarseillaise\/news\/wp-json\/wp\/v2\/users\/1"}],"replies":[{"embeddable":true,"href":"https:\/\/euapp01.newsmemory.com\/lamarseillaise\/news\/wp-json\/wp\/v2\/comments?post=34426"}],"version-history":[{"count":1,"href":"https:\/\/euapp01.newsmemory.com\/lamarseillaise\/news\/wp-json\/wp\/v2\/posts\/34426\/revisions"}],"predecessor-version":[{"id":34428,"href":"https:\/\/euapp01.newsmemory.com\/lamarseillaise\/news\/wp-json\/wp\/v2\/posts\/34426\/revisions\/34428"}],"wp:featuredmedia":[{"embeddable":true,"href":"https:\/\/euapp01.newsmemory.com\/lamarseillaise\/news\/wp-json\/wp\/v2\/media\/34427"}],"wp:attachment":[{"href":"https:\/\/euapp01.newsmemory.com\/lamarseillaise\/news\/wp-json\/wp\/v2\/media?parent=34426"}],"wp:term":[{"taxonomy":"category","embeddable":true,"href":"https:\/\/euapp01.newsmemory.com\/lamarseillaise\/news\/wp-json\/wp\/v2\/categories?post=34426"},{"taxonomy":"post_tag","embeddable":true,"href":"https:\/\/euapp01.newsmemory.com\/lamarseillaise\/news\/wp-json\/wp\/v2\/tags?post=34426"},{"taxonomy":"news-destination","embeddable":true,"href":"https:\/\/euapp01.newsmemory.com\/lamarseillaise\/news\/wp-json\/wp\/v2\/news-destination?post=34426"},{"taxonomy":"news-source","embeddable":true,"href":"https:\/\/euapp01.newsmemory.com\/lamarseillaise\/news\/wp-json\/wp\/v2\/news-source?post=34426"},{"taxonomy":"is_homepage","embeddable":true,"href":"https:\/\/euapp01.newsmemory.com\/lamarseillaise\/news\/wp-json\/wp\/v2\/is_homepage?post=34426"},{"taxonomy":"ta_other","embeddable":true,"href":"https:\/\/euapp01.newsmemory.com\/lamarseillaise\/news\/wp-json\/wp\/v2\/ta_other?post=34426"}],"curies":[{"name":"wp","href":"https:\/\/api.w.org\/{rel}","templated":true}]}}