{"id":34073,"date":"2026-06-22T14:00:00","date_gmt":"2026-06-22T12:00:00","guid":{"rendered":"https:\/\/euapp01.newsmemory.com\/lamarseillaise\/news\/?p=34073"},"modified":"2026-06-29T22:40:39","modified_gmt":"2026-06-29T20:40:39","slug":"isabelle-zaragoza-nous-a-quittes","status":"publish","type":"post","link":"https:\/\/euapp01.newsmemory.com\/lamarseillaise\/news\/2026\/06\/22\/isabelle-zaragoza-nous-a-quittes\/","title":{"rendered":"[Disparition] Isabelle Zaragoza nous a quitt\u00e9s"},"content":{"rendered":"<div class=\"paragraph\">\n<p>L\u2019\u00e9pouse de notre \u00ab expert \u00bb p\u00e9tanque, Robert Zaragoza, avec qui elle avait eu un enfant, Thomas, \u00e9tait \u00e2g\u00e9e de 67 ans. Ces deux compagnons de route de <i>La Marseillaise<\/i> s\u2019\u00e9taient rencontr\u00e9s \u00e0 la RTM, o\u00f9 ils travaillaient comme chauffeurs de bus. D\u00e9l\u00e9gu\u00e9s syndicaux CGT, en premi\u00e8re ligne lors du grand conflit social qui avait secou\u00e9 la r\u00e9gie en 2005, ils avaient, cette ann\u00e9e-l\u00e0, scell\u00e9 leur amour en se mariant sur le piquet de gr\u00e8ve.<\/p>\n<p>Jusqu\u2019en 2024, alors trop affaiblie par la maladie, Isabelle avait \u00e9t\u00e9 une des plumes de la r\u00e9daction engag\u00e9es \u00e0 Bor\u00e9ly pour couvrir Le Mondial. Sa gentillesse, son \u00e9nergie d\u00e9bordante, son humour et son franc-parler vont nous manquer.<\/p>\n<p><span class=\"mln_uppercase_mln\">\u00e0<\/span> sa famille, \u00e0 Robert, \u00e0 ses enfants, Elodie, Nathalie, Christophe et Thomas, la r\u00e9daction et la direction du journal adressent leurs plus sinc\u00e8res condol\u00e9ances.<\/p>\n<\/p><\/div>\n<div class=\"intext\"> Les obs\u00e8ques auront lieu le mercredi 1er juillet \u00e0 17h15 au cr\u00e9matorium du cimeti\u00e8re de Saint Pierre au 380 Rue Saint-Pierre, 13005 Marseille\n              <\/div>\n","protected":false},"excerpt":{"rendered":"L&rsquo;&eacute;pouse de notre &laquo; expert &raquo; p&eacute;tanque, Robert Zaragoza, avec qui elle avait eu un enfant, Thomas, &eacute;tait &acirc;g&eacute;e de 67 ans. Ces deux compagnons de route de La Marseillaise s&rsquo;&eacute;taient &#8230;","protected":false},"author":1,"featured_media":34203,"comment_status":"open","ping_status":"open","sticky":false,"template":"","format":"standard","meta":{"footnotes":""},"categories":[3926,3925,20],"tags":[10,113,161,2742,876,2026,5954,1133,2912,16,1013,5953,709],"news-destination":[3944],"news-source":[475],"is_homepage":[],"ta_other":[],"class_list":["post-34073","post","type-post","status-publish","format-standard","has-post-thumbnail","hentry","category-accueil-merge","category-accueil-third","category-societe","tag-bouches-du-rhone","tag-cgt","tag-compagnons","tag-disparition","tag-greve","tag-humour","tag-isabelle-zaragoza","tag-journal","tag-maladie","tag-marseille","tag-petanque","tag-robert-zaragoza","tag-rtm","news-destination-homepage","news-source-website"],"_links":{"self":[{"href":"https:\/\/euapp01.newsmemory.com\/lamarseillaise\/news\/wp-json\/wp\/v2\/posts\/34073","targetHints":{"allow":["GET"]}}],"collection":[{"href":"https:\/\/euapp01.newsmemory.com\/lamarseillaise\/news\/wp-json\/wp\/v2\/posts"}],"about":[{"href":"https:\/\/euapp01.newsmemory.com\/lamarseillaise\/news\/wp-json\/wp\/v2\/types\/post"}],"author":[{"embeddable":true,"href":"https:\/\/euapp01.newsmemory.com\/lamarseillaise\/news\/wp-json\/wp\/v2\/users\/1"}],"replies":[{"embeddable":true,"href":"https:\/\/euapp01.newsmemory.com\/lamarseillaise\/news\/wp-json\/wp\/v2\/comments?post=34073"}],"version-history":[{"count":3,"href":"https:\/\/euapp01.newsmemory.com\/lamarseillaise\/news\/wp-json\/wp\/v2\/posts\/34073\/revisions"}],"predecessor-version":[{"id":34079,"href":"https:\/\/euapp01.newsmemory.com\/lamarseillaise\/news\/wp-json\/wp\/v2\/posts\/34073\/revisions\/34079"}],"wp:featuredmedia":[{"embeddable":true,"href":"https:\/\/euapp01.newsmemory.com\/lamarseillaise\/news\/wp-json\/wp\/v2\/media\/34203"}],"wp:attachment":[{"href":"https:\/\/euapp01.newsmemory.com\/lamarseillaise\/news\/wp-json\/wp\/v2\/media?parent=34073"}],"wp:term":[{"taxonomy":"category","embeddable":true,"href":"https:\/\/euapp01.newsmemory.com\/lamarseillaise\/news\/wp-json\/wp\/v2\/categories?post=34073"},{"taxonomy":"post_tag","embeddable":true,"href":"https:\/\/euapp01.newsmemory.com\/lamarseillaise\/news\/wp-json\/wp\/v2\/tags?post=34073"},{"taxonomy":"news-destination","embeddable":true,"href":"https:\/\/euapp01.newsmemory.com\/lamarseillaise\/news\/wp-json\/wp\/v2\/news-destination?post=34073"},{"taxonomy":"news-source","embeddable":true,"href":"https:\/\/euapp01.newsmemory.com\/lamarseillaise\/news\/wp-json\/wp\/v2\/news-source?post=34073"},{"taxonomy":"is_homepage","embeddable":true,"href":"https:\/\/euapp01.newsmemory.com\/lamarseillaise\/news\/wp-json\/wp\/v2\/is_homepage?post=34073"},{"taxonomy":"ta_other","embeddable":true,"href":"https:\/\/euapp01.newsmemory.com\/lamarseillaise\/news\/wp-json\/wp\/v2\/ta_other?post=34073"}],"curies":[{"name":"wp","href":"https:\/\/api.w.org\/{rel}","templated":true}]}}