{"id":33953,"date":"2026-06-29T11:01:00","date_gmt":"2026-06-29T09:01:00","guid":{"rendered":"https:\/\/euapp01.newsmemory.com\/lamarseillaise\/news\/?p=33953"},"modified":"2026-07-04T08:15:00","modified_gmt":"2026-07-04T06:15:00","slug":"lalerte-de-niveau-2-de-pollution-de-lair-declenchee-par-la-prefecture-des-bouches-du-rhone","status":"publish","type":"post","link":"https:\/\/euapp01.newsmemory.com\/lamarseillaise\/news\/2026\/06\/29\/lalerte-de-niveau-2-de-pollution-de-lair-declenchee-par-la-prefecture-des-bouches-du-rhone\/","title":{"rendered":"[MAJ] L\u2019alerte de niveau 2 de pollution de l\u2019air est lev\u00e9e ce mardi 30 juin"},"content":{"rendered":"<div class=\"paragraph\">\n<p>Consid\u00e9rant que les conditions m\u00e9t\u00e9orologiques de ces derniers jours ne g\u00e9n\u00e8rent plus une pollution de l\u2019air \u00e0 l\u2019ozone. Le Pr\u00e9fet a pris un <a rel=\"nofollow noopener noreferrer\" href=\"https:\/\/tinyurl.com\/mrxxrbk7\" target=\"_blank\">arr\u00eat\u00e9 de lev\u00e9e<\/a> de la circulation diff\u00e9renci\u00e9e \u00e0 Marseille \u00e0 partir de ce mardi 30\/06 minuit.<\/p>\n<p><b>Dans le d\u00e9partement :<\/b><\/p>\n<p><a rel=\"nofollow noopener noreferrer\" href=\"https:\/\/www.atmosud.org\/episodes-de-pollution\" target=\"_blank\">Abaissement de 20km\/h <\/a>des vitesses maximales autoris\u00e9es sur les voiries, sans toutefois descendre en dessous de 70km\/h.<\/p>\n<\/p><\/div>\n<div class=\"paragraph\">\n<p><b>\u00c0 Marseille :<\/b><\/p>\n<p>Mise en place la circulation diff\u00e9renci\u00e9e depuis 6 heures jusqu\u2019\u00e0 ce soir 23h59 (attention, la reconduction du dispositif sur les prochains jours est tr\u00e8s probable). Les v\u00e9hicules autoris\u00e9s \u00e0 circuler \u00e0 l\u2019int\u00e9rieur du p\u00e9rim\u00e8tre d\u00e9fini (ZFE-m), sont les v\u00e9hicules \u00e9quip\u00e9s des certificats : classe \u00e9lectrique et hydrog\u00e8ne (vignette crit\u2019air verte) ; classe 1 (vignette crit\u2019air violette) ; classe 2 (vignette crit\u2019air jaune).<\/p>\n<\/p><\/div>\n<div class=\"paragraph\">\n<p>A ce titre et d\u00e8s aujourd\u2019hui, la pr\u00e9f\u00e8te de police d\u00e9l\u00e9gu\u00e9e a demand\u00e9 un renforcement des contr\u00f4les de vitesse sur l\u2019ensemble du d\u00e9partement et des contr\u00f4les concernant la circulation diff\u00e9renci\u00e9e \u00e0 Marseille.<\/p>\n<\/p><\/div>\n<div class=\"paragraph\">\n<p>Le non-respect de ces mesures pourra entra\u00eener des verbalisations tout au long de la p\u00e9riode concern\u00e9e.<\/p>\n<\/p><\/div>\n","protected":false},"excerpt":{"rendered":"Consid&eacute;rant que les conditions m&eacute;t&eacute;orologiques de ces derniers jours ne g&eacute;n&egrave;rent plus une pollution de l&rsquo;air &agrave; l&rsquo;ozone. Le Pr&eacute;fet a pris un arr&ecirc;t&eacute; de lev&eacute;e de la &#8230;","protected":false},"author":1,"featured_media":34584,"comment_status":"open","ping_status":"open","sticky":false,"template":"","format":"standard","meta":{"footnotes":""},"categories":[3926,3925,333],"tags":[3274,10,372,1420,2224,16,3163,763,116,5943,1567,1183,2030,4913],"news-destination":[3944],"news-source":[475],"is_homepage":[],"ta_other":[],"class_list":["post-33953","post","type-post","status-publish","format-standard","has-post-thumbnail","hentry","category-accueil-merge","category-accueil-third","category-environnement","tag-atmosud","tag-bouches-du-rhone","tag-canicule","tag-circulation","tag-controles","tag-marseille","tag-mesures","tag-police","tag-pollution","tag-prefecture-de-police","tag-prefet","tag-vehicules","tag-vigilance-orange","tag-zfe","news-destination-homepage","news-source-website"],"_links":{"self":[{"href":"https:\/\/euapp01.newsmemory.com\/lamarseillaise\/news\/wp-json\/wp\/v2\/posts\/33953","targetHints":{"allow":["GET"]}}],"collection":[{"href":"https:\/\/euapp01.newsmemory.com\/lamarseillaise\/news\/wp-json\/wp\/v2\/posts"}],"about":[{"href":"https:\/\/euapp01.newsmemory.com\/lamarseillaise\/news\/wp-json\/wp\/v2\/types\/post"}],"author":[{"embeddable":true,"href":"https:\/\/euapp01.newsmemory.com\/lamarseillaise\/news\/wp-json\/wp\/v2\/users\/1"}],"replies":[{"embeddable":true,"href":"https:\/\/euapp01.newsmemory.com\/lamarseillaise\/news\/wp-json\/wp\/v2\/comments?post=33953"}],"version-history":[{"count":7,"href":"https:\/\/euapp01.newsmemory.com\/lamarseillaise\/news\/wp-json\/wp\/v2\/posts\/33953\/revisions"}],"predecessor-version":[{"id":34699,"href":"https:\/\/euapp01.newsmemory.com\/lamarseillaise\/news\/wp-json\/wp\/v2\/posts\/33953\/revisions\/34699"}],"wp:featuredmedia":[{"embeddable":true,"href":"https:\/\/euapp01.newsmemory.com\/lamarseillaise\/news\/wp-json\/wp\/v2\/media\/34584"}],"wp:attachment":[{"href":"https:\/\/euapp01.newsmemory.com\/lamarseillaise\/news\/wp-json\/wp\/v2\/media?parent=33953"}],"wp:term":[{"taxonomy":"category","embeddable":true,"href":"https:\/\/euapp01.newsmemory.com\/lamarseillaise\/news\/wp-json\/wp\/v2\/categories?post=33953"},{"taxonomy":"post_tag","embeddable":true,"href":"https:\/\/euapp01.newsmemory.com\/lamarseillaise\/news\/wp-json\/wp\/v2\/tags?post=33953"},{"taxonomy":"news-destination","embeddable":true,"href":"https:\/\/euapp01.newsmemory.com\/lamarseillaise\/news\/wp-json\/wp\/v2\/news-destination?post=33953"},{"taxonomy":"news-source","embeddable":true,"href":"https:\/\/euapp01.newsmemory.com\/lamarseillaise\/news\/wp-json\/wp\/v2\/news-source?post=33953"},{"taxonomy":"is_homepage","embeddable":true,"href":"https:\/\/euapp01.newsmemory.com\/lamarseillaise\/news\/wp-json\/wp\/v2\/is_homepage?post=33953"},{"taxonomy":"ta_other","embeddable":true,"href":"https:\/\/euapp01.newsmemory.com\/lamarseillaise\/news\/wp-json\/wp\/v2\/ta_other?post=33953"}],"curies":[{"name":"wp","href":"https:\/\/api.w.org\/{rel}","templated":true}]}}