{"id":33473,"date":"2026-06-19T07:09:00","date_gmt":"2026-06-19T05:09:00","guid":{"rendered":"https:\/\/euapp01.newsmemory.com\/lamarseillaise\/news\/?p=33473"},"modified":"2026-06-19T10:01:54","modified_gmt":"2026-06-19T08:01:54","slug":"le-maroc-en-quete-de-sa-premiere-victoire","status":"publish","type":"post","link":"https:\/\/euapp01.newsmemory.com\/lamarseillaise\/news\/2026\/06\/19\/le-maroc-en-quete-de-sa-premiere-victoire\/","title":{"rendered":"Le Maroc en qu\u00eate de sa premi\u00e8re victoire"},"content":{"rendered":"<div class=\"paragraph\">\n<p>Une victoire et la qualification sera assur\u00e9e \u00e0 99%. Le Maroc affronte l\u2019\u00c9cosse, dans la nuit de vendredi \u00e0 samedi (0h), pour le compte de la deuxi\u00e8me journ\u00e9e de la phase de poules. Les demi-finalistes de la derni\u00e8re Coupe du monde ont partag\u00e9 les points avec le Br\u00e9sil (1-1) et doivent imp\u00e9rativement s\u2019imposer pour ne pas avoir une pression monumentale pour le troisi\u00e8me match face \u00e0 Ha\u00efti. En face, les \u00c9cossais ont eux battu les Ha\u00eftiens, novices \u00e0 ce niveau. Mais leur prestation a \u00e9t\u00e9 loin d\u2019\u00eatre parfaite face aux hommes du Fran\u00e7ais S\u00e9bastien Mign\u00e9.<\/p>\n<p>John McGinn et ses co\u00e9quipiers ont \u00e9t\u00e9 sur la corde raide et doivent \u00eatre bien heureux d\u2019avoir accroch\u00e9 une victoire d\u2019entr\u00e9e. Trois points pr\u00e9cieux, ils vont croire \u00e0 la qualification jusqu\u2019au cr\u00e9puscule de ce premier tour. Pour cela, conserver une diff\u00e9rence de buts correcte sera la mission. Port\u00e9e par leur Tartan Army, cette vague de fans venue de Glasgow, Edimbourg et ailleurs, l\u2019\u00c9cosse aura fort \u00e0 faire contre les Marocains et les Br\u00e9siliens.<\/p>\n<\/p><\/div>\n<div class=\"intext\"> Un premier match prometteur\n              <\/div>\n<div class=\"paragraph\">\n<p>Le Maroc est donc entr\u00e9 d\u2019une belle mani\u00e8re dans son Mondial. Les joueurs du nouveau s\u00e9lectionneur Mohamed Ouahbi ont bouscul\u00e9 une Sele\u00e7ao peu inspir\u00e9e en ouverture. Seul le talent de Vinicius Junior a permis au Br\u00e9sil de marquer. Sur son c\u00f4t\u00e9 gauche, l\u2019ailier du Real Madrid a mis en avant ses dribbles et sa qualit\u00e9 de frappe pour \u00e9galiser avant la pause. Les Marocains se savent forts, m\u00eame avec les forfaits p\u00e9nalisants de Nayef Aguerd et Abde Ezzalzouli, et leur mont\u00e9e en puissance doit maintenant se poursuivre pour continuer de r\u00eaver grand.<\/p>\n<\/p><\/div>\n","protected":false},"excerpt":{"rendered":"Une victoire et la qualification sera assur&eacute;e &agrave; 99%. Le Maroc affronte l&rsquo;&Eacute;cosse, dans la nuit de vendredi &agrave; samedi (0h), pour le compte de la deuxi&egrave;me journ&eacute;e de la phase de poules. Les demi-finalistes &#8230;","protected":false},"author":1,"featured_media":33474,"comment_status":"open","ping_status":"open","sticky":false,"template":"","format":"standard","meta":{"footnotes":""},"categories":[7],"tags":[1097,276,13,1999],"news-destination":[],"news-source":[475],"is_homepage":[],"ta_other":[],"class_list":["post-33473","post","type-post","status-publish","format-standard","has-post-thumbnail","hentry","category-sports","tag-coupe-du-monde","tag-etats-unis","tag-football","tag-maroc","news-source-website"],"_links":{"self":[{"href":"https:\/\/euapp01.newsmemory.com\/lamarseillaise\/news\/wp-json\/wp\/v2\/posts\/33473","targetHints":{"allow":["GET"]}}],"collection":[{"href":"https:\/\/euapp01.newsmemory.com\/lamarseillaise\/news\/wp-json\/wp\/v2\/posts"}],"about":[{"href":"https:\/\/euapp01.newsmemory.com\/lamarseillaise\/news\/wp-json\/wp\/v2\/types\/post"}],"author":[{"embeddable":true,"href":"https:\/\/euapp01.newsmemory.com\/lamarseillaise\/news\/wp-json\/wp\/v2\/users\/1"}],"replies":[{"embeddable":true,"href":"https:\/\/euapp01.newsmemory.com\/lamarseillaise\/news\/wp-json\/wp\/v2\/comments?post=33473"}],"version-history":[{"count":1,"href":"https:\/\/euapp01.newsmemory.com\/lamarseillaise\/news\/wp-json\/wp\/v2\/posts\/33473\/revisions"}],"predecessor-version":[{"id":33475,"href":"https:\/\/euapp01.newsmemory.com\/lamarseillaise\/news\/wp-json\/wp\/v2\/posts\/33473\/revisions\/33475"}],"wp:featuredmedia":[{"embeddable":true,"href":"https:\/\/euapp01.newsmemory.com\/lamarseillaise\/news\/wp-json\/wp\/v2\/media\/33474"}],"wp:attachment":[{"href":"https:\/\/euapp01.newsmemory.com\/lamarseillaise\/news\/wp-json\/wp\/v2\/media?parent=33473"}],"wp:term":[{"taxonomy":"category","embeddable":true,"href":"https:\/\/euapp01.newsmemory.com\/lamarseillaise\/news\/wp-json\/wp\/v2\/categories?post=33473"},{"taxonomy":"post_tag","embeddable":true,"href":"https:\/\/euapp01.newsmemory.com\/lamarseillaise\/news\/wp-json\/wp\/v2\/tags?post=33473"},{"taxonomy":"news-destination","embeddable":true,"href":"https:\/\/euapp01.newsmemory.com\/lamarseillaise\/news\/wp-json\/wp\/v2\/news-destination?post=33473"},{"taxonomy":"news-source","embeddable":true,"href":"https:\/\/euapp01.newsmemory.com\/lamarseillaise\/news\/wp-json\/wp\/v2\/news-source?post=33473"},{"taxonomy":"is_homepage","embeddable":true,"href":"https:\/\/euapp01.newsmemory.com\/lamarseillaise\/news\/wp-json\/wp\/v2\/is_homepage?post=33473"},{"taxonomy":"ta_other","embeddable":true,"href":"https:\/\/euapp01.newsmemory.com\/lamarseillaise\/news\/wp-json\/wp\/v2\/ta_other?post=33473"}],"curies":[{"name":"wp","href":"https:\/\/api.w.org\/{rel}","templated":true}]}}