{"id":33464,"date":"2026-06-19T06:51:00","date_gmt":"2026-06-19T04:51:00","guid":{"rendered":"https:\/\/euapp01.newsmemory.com\/lamarseillaise\/news\/?p=33464"},"modified":"2026-06-23T07:47:38","modified_gmt":"2026-06-23T05:47:38","slug":"les-agents-ne-veulent-pas-faire-les-frais-des-coupes-budgetaires","status":"publish","type":"post","link":"https:\/\/euapp01.newsmemory.com\/lamarseillaise\/news\/2026\/06\/19\/les-agents-ne-veulent-pas-faire-les-frais-des-coupes-budgetaires\/","title":{"rendered":"Les agents ne veulent pas faire les frais des coupes budg\u00e9taires"},"content":{"rendered":"<div class=\"paragraph\">\n<p>Les organisations syndicales de la M\u00e9tropole Aix-Marseille avaient d\u00e9j\u00e0 alert\u00e9 face \u00e0 la copie budg\u00e9taire pr\u00e9sent\u00e9e par la chambre r\u00e9gionale des comptes, jeudi 11\u00a0juin. En adoptant les 91\u00a0millions d\u2019euros d\u2019\u00e9conomies dans le fonctionnement de l\u2019intercommunalit\u00e9 pr\u00e9conis\u00e9es par les magistrats financiers pour arr\u00eater le budget de l\u2019institution sous tutelle depuis le mois d\u2019avril, le pr\u00e9fet de r\u00e9gion n\u2019a fait que confirmer leurs craintes.<\/p>\n<p>\u00ab\u00a0<i>\u00c0 la fin, nous le savons bien, les seuls qui devront faire des efforts, ce sera nous, <\/i>constate ainsi, ce jeudi, le syndicat CGT des agents de la M\u00e9tropole. <i>Leur seule proposition semble \u00eatre de nous imposer des sacrifices, tel que r\u00e9duire la m\u00e9decine de pr\u00e9vention, comme si cela ne posait de probl\u00e8me \u00e0 personne.<\/i>\u00a0\u00bb En d\u00e9plorant qu\u2019en un mois, \u00ab\u00a0<i>aucun \u00e9lu n\u2019a m\u00eame \u00e9voqu\u00e9 notre existence<\/i>\u00a0\u00bb. Au total, ce sont pourtant 4,5\u00a0millions d\u2019euros d\u2019\u00e9conomies qui ciblent directement les agents, que ce soit en gelant remplacements et recrutements, en r\u00e9duisant les heures suppl\u00e9mentaires et le compl\u00e9ment indemnitaire annuel (CIA) ou en sabrant dans la m\u00e9decine du travail. \u00ab\u00a0<i>Une ligne rouge \u00e0 ne surtout pas franchir<\/i>\u00a0\u00bb, d\u00e9plorait, mercredi, le syndicat FO de la Ville et de la M\u00e9tropole. \u00ab\u00a0<i>Il n\u2019est pas question de faire des \u00e9conomies sur le dos des agents qui payent d\u00e9j\u00e0 cash la facture des choix politiques de l\u2019\u00c9tat<\/i><i>\u00a0<\/i><i>!<\/i>\u00a0\u00bb, d\u00e9nonce l\u2019organisation, qui rappelle que des grilles salariales commencent sous le Smic. Tandis que les magistrats financiers justifiaient les coupes dans la m\u00e9decine du travail \u00ab\u00a0<i>au regard de l\u2019ex\u00e9cution moyenne de cet article les trois ann\u00e9es pr\u00e9c\u00e9dentes<\/i>\u00a0\u00bb, le syndicat les juge \u00ab\u00a0<i>hors-sol<\/i>\u00a0\u00bb, en particulier apr\u00e8s avoir demand\u00e9 un renforcement des visites de pr\u00e9vention apr\u00e8s trois d\u00e9c\u00e8s pr\u00e9matur\u00e9s d\u2019agents, qui avaient suscit\u00e9 une vive \u00e9motion. \u00ab\u00a0<i>Aucun agent contractuel occupant un emploi permanent ne sera licenci\u00e9 dans le cadre des mesures budg\u00e9taires annonc\u00e9es, aucun acquis social ne sera rogn\u00e9 cette ann\u00e9e<\/i>\u00a0\u00bb, veut temp\u00e9rer la FSU. Tout en reconnaissant que \u00ab\u00a0<i>les interrogations demeurent concernant les recrutements, le remplacement des d\u00e9parts, les moyens des services et l\u2019avenir des missions<\/i>\u00a0\u00bb.<\/p>\n<\/p><\/div>\n<div class=\"intext\"> Inqui\u00e9tude sur la gratuit\u00e9\n              <\/div>\n<div class=\"paragraph\">\n<p>Parmi ces missions, la CGT M\u00e9tropole appelle d\u00e9j\u00e0 \u00e0 \u00ab\u00a0<i>d\u00e9fendre la culture, les sports, les comp\u00e9tences que nous exer\u00e7ons avec professionnalisme<\/i>\u00a0\u00bb. Mais le syndicat d\u00e9nonce aussi le choix du pr\u00e9fet de retirer 53\u00a0millions d\u2019euros aux attributions de compensations revers\u00e9es aux communes pour compenser l\u2019ancienne taxe professionnelle. Rappelant qu\u2019elles sont vers\u00e9es aux territoires qui accueillaient l\u2019industrie \u00ab\u00a0<i>sacrifiant parfois la sant\u00e9 de leur population au nom du d\u00e9veloppement \u00e9conomique<\/i>\u00a0\u00bb. \u00c0 contre-courant de la FSU qui refuse \u00ab\u00a0<i>une M\u00e9tropole qui renoncerait \u00e0 son ambition de solidarit\u00e9 territoriale<\/i>\u00a0\u00bb.<\/p>\n<p>Enfin, si l\u2019union syndicale des retrait\u00e9s CGT se r\u00e9jouit de voir la gratuit\u00e9 des transports maintenue, \u00ab\u00a0<i>elle est toujours largement menac\u00e9e<\/i>\u00a0\u00bb, reconna\u00eet-elle, s\u2019opposant \u00e0 la refonte des tarifs propos\u00e9e par la pr\u00e9sidente (DVG) de la RTM Samia Ghali.<\/p>\n<\/p><\/div>\n","protected":false},"excerpt":{"rendered":"Les organisations syndicales de la M&eacute;tropole Aix-Marseille avaient d&eacute;j&agrave; alert&eacute; face &agrave; la copie budg&eacute;taire pr&eacute;sent&eacute;e par la chambre r&eacute;gionale des comptes, jeudi 11&nbsp;juin. En adoptant &#8230;","protected":false},"author":1,"featured_media":33465,"comment_status":"open","ping_status":"open","sticky":false,"template":"","format":"standard","meta":{"footnotes":""},"categories":[3926,3925,330,331],"tags":[10,113,591,822,1017,406,16,671,4858],"news-destination":[3944],"news-source":[475],"is_homepage":[],"ta_other":[],"class_list":["post-33464","post","type-post","status-publish","format-standard","has-post-thumbnail","hentry","category-accueil-merge","category-accueil-third","category-politique","category-social","tag-bouches-du-rhone","tag-cgt","tag-chambre-regionale-des-comptes","tag-coupes-budgetaires","tag-fo","tag-fsu","tag-marseille","tag-metropole-aix-marseille","tag-reforme-de-la-metropole","news-destination-homepage","news-source-website"],"_links":{"self":[{"href":"https:\/\/euapp01.newsmemory.com\/lamarseillaise\/news\/wp-json\/wp\/v2\/posts\/33464","targetHints":{"allow":["GET"]}}],"collection":[{"href":"https:\/\/euapp01.newsmemory.com\/lamarseillaise\/news\/wp-json\/wp\/v2\/posts"}],"about":[{"href":"https:\/\/euapp01.newsmemory.com\/lamarseillaise\/news\/wp-json\/wp\/v2\/types\/post"}],"author":[{"embeddable":true,"href":"https:\/\/euapp01.newsmemory.com\/lamarseillaise\/news\/wp-json\/wp\/v2\/users\/1"}],"replies":[{"embeddable":true,"href":"https:\/\/euapp01.newsmemory.com\/lamarseillaise\/news\/wp-json\/wp\/v2\/comments?post=33464"}],"version-history":[{"count":1,"href":"https:\/\/euapp01.newsmemory.com\/lamarseillaise\/news\/wp-json\/wp\/v2\/posts\/33464\/revisions"}],"predecessor-version":[{"id":33466,"href":"https:\/\/euapp01.newsmemory.com\/lamarseillaise\/news\/wp-json\/wp\/v2\/posts\/33464\/revisions\/33466"}],"wp:featuredmedia":[{"embeddable":true,"href":"https:\/\/euapp01.newsmemory.com\/lamarseillaise\/news\/wp-json\/wp\/v2\/media\/33465"}],"wp:attachment":[{"href":"https:\/\/euapp01.newsmemory.com\/lamarseillaise\/news\/wp-json\/wp\/v2\/media?parent=33464"}],"wp:term":[{"taxonomy":"category","embeddable":true,"href":"https:\/\/euapp01.newsmemory.com\/lamarseillaise\/news\/wp-json\/wp\/v2\/categories?post=33464"},{"taxonomy":"post_tag","embeddable":true,"href":"https:\/\/euapp01.newsmemory.com\/lamarseillaise\/news\/wp-json\/wp\/v2\/tags?post=33464"},{"taxonomy":"news-destination","embeddable":true,"href":"https:\/\/euapp01.newsmemory.com\/lamarseillaise\/news\/wp-json\/wp\/v2\/news-destination?post=33464"},{"taxonomy":"news-source","embeddable":true,"href":"https:\/\/euapp01.newsmemory.com\/lamarseillaise\/news\/wp-json\/wp\/v2\/news-source?post=33464"},{"taxonomy":"is_homepage","embeddable":true,"href":"https:\/\/euapp01.newsmemory.com\/lamarseillaise\/news\/wp-json\/wp\/v2\/is_homepage?post=33464"},{"taxonomy":"ta_other","embeddable":true,"href":"https:\/\/euapp01.newsmemory.com\/lamarseillaise\/news\/wp-json\/wp\/v2\/ta_other?post=33464"}],"curies":[{"name":"wp","href":"https:\/\/api.w.org\/{rel}","templated":true}]}}