{"id":33461,"date":"2026-06-19T07:05:00","date_gmt":"2026-06-19T05:05:00","guid":{"rendered":"https:\/\/euapp01.newsmemory.com\/lamarseillaise\/news\/?p=33461"},"modified":"2026-06-23T08:13:36","modified_gmt":"2026-06-23T06:13:36","slug":"sophie-binet-et-carole-delga-somment-letat-dagir-pour-sauver-fibre-excellence","status":"publish","type":"post","link":"https:\/\/euapp01.newsmemory.com\/lamarseillaise\/news\/2026\/06\/19\/sophie-binet-et-carole-delga-somment-letat-dagir-pour-sauver-fibre-excellence\/","title":{"rendered":"Sophie Binet et Carole Delga somment l\u2019\u00c9tat d\u2019agir pour sauver Fibre Excellence"},"content":{"rendered":"<div class=\"paragraph\">\n<p>\u00ab <i>N<\/i><i>ous avons d\u00e9plac\u00e9 des montagnes.<\/i><i>\u00a0<\/i>\u00bb Au pied des Pyr\u00e9n\u00e9es, dans l\u2019usine de p\u00e2te \u00e0 papier Fibre Excellence \u00e0 Saint-Gaudens (Haute-Garonne), Sophie Binet affiche sa satisfaction quant \u00e0 la r\u00e9cente \u00e9volution positive du dossier. \u00ab<i>\u00a0<\/i><i>Gr\u00e2ce \u00e0 la combativit\u00e9 des salari\u00e9s, nous avons r\u00e9ussi \u00e0 trouver un investisseur qui souhaite la p\u00e9rennit\u00e9 des sites<\/i>\u00a0\u00bb, mart\u00e8le la secr\u00e9taire g\u00e9n\u00e9rale de la CGT, aux c\u00f4t\u00e9s de Carole Delga (PS), pr\u00e9sidente de la R\u00e9gion Occitanie, et des repr\u00e9sentants des salari\u00e9s.<\/p>\n<p>Une r\u00e9f\u00e9rence \u00e0 l\u2019arriv\u00e9e de Matthieu Pigasse, banquier d\u2019affaires, en soutien \u00e0 l\u2019unique offre de reprise pour sauver l\u2019entreprise en redressement judiciaire (lire nos articles du 18\/06). D\u2019o\u00f9 le message emprunt de combativit\u00e9 de Sophie Binet\u00a0: \u00ab\u00a0<i>Ces victoires nous permettent de d\u00e9jouer le sc\u00e9nario que les vautours avaient organis\u00e9 dans notre dos. Le sc\u00e9nario pr\u00e9vu \u00e9tait la liquidation. Maintenant, nous allons pouvoir construire un projet d\u2019avenir pour les trois papeteries<\/i><i>\u00a0<\/i>\u00bb, d\u00e9veloppe-t-elle, citant les sites de Tarascon et de La\u00a0Chapelle-Darblay (Seine-Maritime).<\/p>\n<p>Reste toutefois de s\u00e9rieux points d\u2019interrogation pour que le sauvetage de Fibre Excellence se d\u00e9roule sans accroc\u00a0: la position du gouvernement et le r\u00f4le de l\u2019\u00c9tat dans le dossier. Car ce sont bien leurs actions qui peuvent, ou pas, \u00ab\u00a0<i>lever des conditions suspensives<\/i><i>\u00a0<\/i>\u00bb dont d\u00e9pend l\u2019avenir de l\u2019entreprise. Sophie Binet cite plusieurs \u00ab\u00a0<i>enjeux<\/i>\u00a0\u00bb li\u00e9s \u00e0 une intervention \u00e9tatique et qui sont une question de survie pour l\u2019entreprise. Parmi eux, une \u00ab\u00a0<i>r\u00e9vision du prix de rachat de l\u2019\u00e9lectricit\u00e9 produite sur les sites<\/i><i>\u00a0<\/i>\u00bb ou encore \u00ab\u00a0<i>garantir un approvisionnement en bois<\/i><i>\u00a0<\/i>\u00bb \u00e0 des prix raisonnables. C\u2019est sur ce dernier point que la secr\u00e9taire g\u00e9n\u00e9rale tape du poing sur la table\u00a0: \u00ab\u00a0<i>Les difficult\u00e9s sont essentiellement dues \u00e0 la d\u00e9sorganisation de l\u2019approvisionnement en bois. L\u2019\u00c9tat refuse d\u2019organiser cette fili\u00e8re, nous lui demandons solennellement d\u2019y remettre de l\u2019ordre.<\/i>\u00a0\u00bb<\/p>\n<\/p><\/div>\n<div class=\"intext\"> \u00ab\u00a0Trois semaines pour corriger le tir\u00a0\u00bb\n              <\/div>\n<div class=\"paragraph\">\n<p>Autre demande formul\u00e9e par Sophie Binet et Carole Delga\u00a0: \u00ab<i>\u00a0<\/i><i>Nous demandons au ministre de l\u2019Industrie une table ronde avec l\u2019investisseur, les porteurs du projet, les \u00e9lus, l\u2019intersyndicale<\/i>.\u00a0\u00bb En clair, si Matthieu Pigasse \u00ab\u00a0<i>s\u2019est positionn\u00e9 sur un ticket d\u2019entr\u00e9e<\/i>\u00a0\u00bb, comme le r\u00e9sume Sophie Binet, \u00ab\u00a0<i>la question reste bien les conditions suspensives<\/i>\u00a0\u00bb. \u00ab\u00a0<i>Pour faire les investissements, nous avons besoin que le march\u00e9 du bois ne soit pas d\u00e9s\u00e9quilibr\u00e9 comme il est aujourd\u2019hui<\/i><i>\u00a0<\/i>\u00bb, prend-elle pour exemple. Avant d\u2019insister\u00a0: \u00ab<i>\u00a0<\/i><i>La balle est dans le camp du gouvernement. Nous avons besoin que l\u2019\u00c9tat soit au rendez-vous.<\/i><i>\u00a0<\/i>\u00bb<\/p>\n<p>D\u2019autant que cela n\u2019a pas vraiment \u00e9t\u00e9 le cas depuis le d\u00e9but des difficult\u00e9s de Fibre Excellence\u00a0: \u00ab\u00a0<i>\u00c0 ce stade, le ministre se contente \u00e0 dire qu\u2019il peut accorder des pr\u00eats garantis par l\u2019\u00c9tat. M\u00eame quand on a un investisseur, les portes ne s\u2019ouvrent pas en grand&#8230; \u00c7a interroge. Si les usines ne sont pas sauv\u00e9es, il y aura un seul responsable<\/i><i>\u00a0<\/i><i>: l\u2019\u00c9tat. \u00c7a se paiera tr\u00e8s cher. Il reste trois semaines pour corriger le tir.<\/i><i>\u00a0<\/i>\u00bb<\/p>\n<\/p><\/div>\n","protected":false},"excerpt":{"rendered":"&laquo; Nous avons d&eacute;plac&eacute; des montagnes.&nbsp;&raquo; Au pied des Pyr&eacute;n&eacute;es, dans l&rsquo;usine de p&acirc;te &agrave; papier Fibre Excellence &agrave; Saint-Gaudens (Haute-Garonne), Sophie Binet affiche sa satisfaction &#8230;","protected":false},"author":1,"featured_media":33462,"comment_status":"open","ping_status":"open","sticky":false,"template":"","format":"standard","meta":{"footnotes":""},"categories":[3926,3925,338,331],"tags":[10,879,113,4279,1366,4296,528,2993,5891,4281,5422,873,962,1557,2191,1740],"news-destination":[3944],"news-source":[475],"is_homepage":[],"ta_other":[],"class_list":["post-33461","post","type-post","status-publish","format-standard","has-post-thumbnail","hentry","category-accueil-merge","category-accueil-third","category-economie","category-social","tag-bouches-du-rhone","tag-carole-delga","tag-cgt","tag-fibre-excellence","tag-filiere","tag-filpac","tag-gouvernement","tag-liquidation","tag-matthieu-pigasse","tag-pate-a-papier","tag-redressement-judiciaire","tag-region-occitanie","tag-salaries","tag-sophie-binet","tag-table-ronde","tag-tarascon","news-destination-homepage","news-source-website"],"_links":{"self":[{"href":"https:\/\/euapp01.newsmemory.com\/lamarseillaise\/news\/wp-json\/wp\/v2\/posts\/33461","targetHints":{"allow":["GET"]}}],"collection":[{"href":"https:\/\/euapp01.newsmemory.com\/lamarseillaise\/news\/wp-json\/wp\/v2\/posts"}],"about":[{"href":"https:\/\/euapp01.newsmemory.com\/lamarseillaise\/news\/wp-json\/wp\/v2\/types\/post"}],"author":[{"embeddable":true,"href":"https:\/\/euapp01.newsmemory.com\/lamarseillaise\/news\/wp-json\/wp\/v2\/users\/1"}],"replies":[{"embeddable":true,"href":"https:\/\/euapp01.newsmemory.com\/lamarseillaise\/news\/wp-json\/wp\/v2\/comments?post=33461"}],"version-history":[{"count":1,"href":"https:\/\/euapp01.newsmemory.com\/lamarseillaise\/news\/wp-json\/wp\/v2\/posts\/33461\/revisions"}],"predecessor-version":[{"id":33463,"href":"https:\/\/euapp01.newsmemory.com\/lamarseillaise\/news\/wp-json\/wp\/v2\/posts\/33461\/revisions\/33463"}],"wp:featuredmedia":[{"embeddable":true,"href":"https:\/\/euapp01.newsmemory.com\/lamarseillaise\/news\/wp-json\/wp\/v2\/media\/33462"}],"wp:attachment":[{"href":"https:\/\/euapp01.newsmemory.com\/lamarseillaise\/news\/wp-json\/wp\/v2\/media?parent=33461"}],"wp:term":[{"taxonomy":"category","embeddable":true,"href":"https:\/\/euapp01.newsmemory.com\/lamarseillaise\/news\/wp-json\/wp\/v2\/categories?post=33461"},{"taxonomy":"post_tag","embeddable":true,"href":"https:\/\/euapp01.newsmemory.com\/lamarseillaise\/news\/wp-json\/wp\/v2\/tags?post=33461"},{"taxonomy":"news-destination","embeddable":true,"href":"https:\/\/euapp01.newsmemory.com\/lamarseillaise\/news\/wp-json\/wp\/v2\/news-destination?post=33461"},{"taxonomy":"news-source","embeddable":true,"href":"https:\/\/euapp01.newsmemory.com\/lamarseillaise\/news\/wp-json\/wp\/v2\/news-source?post=33461"},{"taxonomy":"is_homepage","embeddable":true,"href":"https:\/\/euapp01.newsmemory.com\/lamarseillaise\/news\/wp-json\/wp\/v2\/is_homepage?post=33461"},{"taxonomy":"ta_other","embeddable":true,"href":"https:\/\/euapp01.newsmemory.com\/lamarseillaise\/news\/wp-json\/wp\/v2\/ta_other?post=33461"}],"curies":[{"name":"wp","href":"https:\/\/api.w.org\/{rel}","templated":true}]}}