{"id":33455,"date":"2026-06-19T06:33:00","date_gmt":"2026-06-19T04:33:00","guid":{"rendered":"https:\/\/euapp01.newsmemory.com\/lamarseillaise\/news\/?p=33455"},"modified":"2026-06-19T10:10:40","modified_gmt":"2026-06-19T08:10:40","slug":"lespoir-renait","status":"publish","type":"post","link":"https:\/\/euapp01.newsmemory.com\/lamarseillaise\/news\/2026\/06\/19\/lespoir-renait\/","title":{"rendered":"L\u2019espoir rena\u00eet"},"content":{"rendered":"<div class=\"paragraph\">\n<p>L\u2019ambiance a chang\u00e9 sur les sites de Fibre Excellence de Tarascon et de Saint-Gaudens, avec l\u2019arriv\u00e9e de Matthieu Pigasse dans le dossier de reprise qui sera examin\u00e9 le 6\u00a0juillet par le tribunal de commerce de\u00a0Toulouse.<\/p>\n<p>Et pour cause\u00a0: annonc\u00e9e ce mercredi par <i>La<\/i><i>\u00a0<\/i><i>Marseillaise<\/i>, l\u2019int\u00e9r\u00eat manifest\u00e9 par le banquier d\u2019affaires pour l\u2019avenir des deux usines change la donne. Pr\u00e8s de 600\u00a0emplois sont en jeu, mais c\u2019est aussi de souverainet\u00e9 industrielle en mati\u00e8re de papier et de coh\u00e9rence de toute une fili\u00e8re qu\u2019il s\u2019agit.<\/p>\n<p>Le r\u00f4le des R\u00e9gions Occitanie et Sud, a \u00e9t\u00e9 d\u00e9terminant pour \u00e9viter la catastrophe en portant le sujet politiquement, mais aussi en annon\u00e7ant un soutien financier tr\u00e8s significatif. Un juste \u00e9cho \u00e0 la mobilisation des salari\u00e9s et \u00e0 l\u2019enjeu du dossier.<\/p>\n<p><b>R\u00f4le de l\u2019\u00c9tat dans l\u2019\u00e9conomie<\/b><\/p>\n<p>Mais l\u2019avenir industriel peut-il reposer sur la seule initiative priv\u00e9e et la bonne volont\u00e9 des collectivit\u00e9s\u00a0?<\/p>\n<p>Le cas Fibre Excellence r\u00e9v\u00e8le un grand absent\u00a0: l\u2019\u00c9tat. C\u2019est pourtant de lui que d\u00e9pend le d\u00e9nouement d\u00e9finitif du dossier.<\/p>\n<p>En effet, pour assurer la p\u00e9rennit\u00e9 du projet qui sera pr\u00e9sent\u00e9 dans trois semaines au tribunal de commerce, l\u2019\u00c9tat est attendu sur la revalorisation du prix d\u2019achat de l\u2019\u00e9lectricit\u00e9 produite en marge de l\u2019activit\u00e9 de fabrication de p\u00e2te \u00e0 papier, mais aussi sur la structuration de l\u2019approvisionnement en bois de toute la fili\u00e8re.<\/p>\n<p>Pour sortir l\u2019avenir industriel du chaos du march\u00e9, l\u2019\u00c9tat doit pleinement jouer son r\u00f4le.<\/p>\n<p>\u00c0 Fibre Excellence, l\u2019espoir rena\u00eet. Reste \u00e0 le rendre concret et\u00a0contagieux\u00a0!<\/p>\n<\/p><\/div>\n","protected":false},"excerpt":{"rendered":"L&rsquo;ambiance a chang&eacute; sur les sites de Fibre Excellence de Tarascon et de Saint-Gaudens, avec l&rsquo;arriv&eacute;e de Matthieu Pigasse dans le dossier de reprise qui sera examin&eacute; le 6&nbsp;juillet par le tribunal de commerce &#8230;","protected":false},"author":1,"featured_media":33456,"comment_status":"open","ping_status":"open","sticky":false,"template":"","format":"standard","meta":{"footnotes":""},"categories":[332],"tags":[1371,1372,302,1022,1900,4279,624,284,4281,222,2842],"news-destination":[],"news-source":[475],"is_homepage":[],"ta_other":[],"class_list":["post-33455","post","type-post","status-publish","format-standard","has-post-thumbnail","hentry","category-edito","tag-cout-de-lenergie","tag-editoriaux","tag-emploi","tag-energie","tag-etat","tag-fibre-excellence","tag-industrie","tag-occitanie","tag-pate-a-papier","tag-region-sud-paca","tag-regions","news-source-website"],"_links":{"self":[{"href":"https:\/\/euapp01.newsmemory.com\/lamarseillaise\/news\/wp-json\/wp\/v2\/posts\/33455","targetHints":{"allow":["GET"]}}],"collection":[{"href":"https:\/\/euapp01.newsmemory.com\/lamarseillaise\/news\/wp-json\/wp\/v2\/posts"}],"about":[{"href":"https:\/\/euapp01.newsmemory.com\/lamarseillaise\/news\/wp-json\/wp\/v2\/types\/post"}],"author":[{"embeddable":true,"href":"https:\/\/euapp01.newsmemory.com\/lamarseillaise\/news\/wp-json\/wp\/v2\/users\/1"}],"replies":[{"embeddable":true,"href":"https:\/\/euapp01.newsmemory.com\/lamarseillaise\/news\/wp-json\/wp\/v2\/comments?post=33455"}],"version-history":[{"count":1,"href":"https:\/\/euapp01.newsmemory.com\/lamarseillaise\/news\/wp-json\/wp\/v2\/posts\/33455\/revisions"}],"predecessor-version":[{"id":33457,"href":"https:\/\/euapp01.newsmemory.com\/lamarseillaise\/news\/wp-json\/wp\/v2\/posts\/33455\/revisions\/33457"}],"wp:featuredmedia":[{"embeddable":true,"href":"https:\/\/euapp01.newsmemory.com\/lamarseillaise\/news\/wp-json\/wp\/v2\/media\/33456"}],"wp:attachment":[{"href":"https:\/\/euapp01.newsmemory.com\/lamarseillaise\/news\/wp-json\/wp\/v2\/media?parent=33455"}],"wp:term":[{"taxonomy":"category","embeddable":true,"href":"https:\/\/euapp01.newsmemory.com\/lamarseillaise\/news\/wp-json\/wp\/v2\/categories?post=33455"},{"taxonomy":"post_tag","embeddable":true,"href":"https:\/\/euapp01.newsmemory.com\/lamarseillaise\/news\/wp-json\/wp\/v2\/tags?post=33455"},{"taxonomy":"news-destination","embeddable":true,"href":"https:\/\/euapp01.newsmemory.com\/lamarseillaise\/news\/wp-json\/wp\/v2\/news-destination?post=33455"},{"taxonomy":"news-source","embeddable":true,"href":"https:\/\/euapp01.newsmemory.com\/lamarseillaise\/news\/wp-json\/wp\/v2\/news-source?post=33455"},{"taxonomy":"is_homepage","embeddable":true,"href":"https:\/\/euapp01.newsmemory.com\/lamarseillaise\/news\/wp-json\/wp\/v2\/is_homepage?post=33455"},{"taxonomy":"ta_other","embeddable":true,"href":"https:\/\/euapp01.newsmemory.com\/lamarseillaise\/news\/wp-json\/wp\/v2\/ta_other?post=33455"}],"curies":[{"name":"wp","href":"https:\/\/api.w.org\/{rel}","templated":true}]}}