{"id":33449,"date":"2026-06-19T06:54:00","date_gmt":"2026-06-19T04:54:00","guid":{"rendered":"https:\/\/euapp01.newsmemory.com\/lamarseillaise\/news\/?p=33449"},"modified":"2026-06-23T07:47:38","modified_gmt":"2026-06-23T05:47:38","slug":"alpes-2030-les-emblemes-olympique-et-paralympique-reveles","status":"publish","type":"post","link":"https:\/\/euapp01.newsmemory.com\/lamarseillaise\/news\/2026\/06\/19\/alpes-2030-les-emblemes-olympique-et-paralympique-reveles\/","title":{"rendered":"Alpes 2030 : les embl\u00e8mes olympique et paralympique r\u00e9v\u00e9l\u00e9s"},"content":{"rendered":"<div class=\"paragraph\">\n<p>Au moment o\u00f9 apparaissent \u00e0 l\u2019\u00e9cran, ce jeudi soir \u00e0 Brian\u00e7on, les deux formes triangulaires, repr\u00e9sentant de mani\u00e8re \u00e9pur\u00e9e, mais claire, deux massifs montagneux, embl\u00e8mes des futurs Jeux d\u2019hiver 2030, aussit\u00f4t, dans le public, les avis fusent. \u00ab<i>\u00a0<\/i><i>C\u2019est beau, sobre et \u00e9l\u00e9gant<\/i><i>\u00a0<\/i><i>\u00bb<\/i>, pour l\u2019un\u00a0; \u00ab<i>\u00a0<\/i><i>c\u2019est tout, juste deux dessins de montagne<\/i><i>\u00a0<\/i><i>?<\/i><i>\u00a0<\/i><i>\u00bb<\/i>, questionne une autre.<\/p>\n<p>D\u00e9sormais, pour chaque \u00e9v\u00e9nement sportif international, JO ou Coupe du monde, la conception du logo et les d\u00e9bats qui en d\u00e9coulent constituent un passage m\u00e9diatique majeur. Les Jeux de 2030 n\u2019y \u00e9chappent pas, bien au contraire. Mais, que l\u2019on aime ou non, r\u00e9sumer le design des futurs logos \u00e0 un simple dessin de montagne est un peu r\u00e9ducteur. Leur cr\u00e9ateur a pouss\u00e9 loin le souci de communication et m\u00eame de s\u00e9miotique.<\/p>\n<p>\u00ab\u00a0<i>Les Alpes fran\u00e7aises sont dispos\u00e9es du nord au sud et, avec le mouvement solaire, on a une \u00e9piphanie quasiment quotidienne,<\/i> explique Mathieu Sakkas, directeur de la marque et de l\u2019image du Comit\u00e9 d\u2019organisation des Jeux olympiques et paralympiques (Cojop) Alpes Fran\u00e7aises 2030. <i>Cette travers\u00e9e des cimes cr\u00e9e une diffraction de lumi\u00e8re, qui nous a beaucoup inspir\u00e9s.<\/i> <i>On l\u2019a captur\u00e9e \u00e0 la Pointe perc\u00e9e<\/i> [sommet de 2\u00a0750\u00a0m d\u2019altitude en Haute-Savoie] <i>et l\u2019on a pu en retirer une forme minimaliste et sa contre-forme.<\/i>\u00a0\u00bb<\/p>\n<p>Surtout, le double logo permet de repr\u00e9senter les Jeux olympiques et paralympiques \u00ab\u00a0<i>Ces deux formes sont compl\u00e9mentaires, se r\u00e9pondent,<\/i> d\u00e9taille Mathieu Sakaks. <i>\u00c0 partir de ce dessin, on s\u2019est dit<\/i><i>\u00a0<\/i><i>: pourquoi ne pas exprimer l\u2019identit\u00e9 olympique et paralympique avec une forme chacune<\/i><i>\u00a0<\/i><i>? Pour la premi\u00e8re fois de l\u2019histoire, on aurait deux formes compl\u00e9mentaires.<\/i><i>\u00a0<\/i><i>\u00bb<\/i> Une id\u00e9e qu\u2019a appr\u00e9ci\u00e9e Oscar Burnham, skieur para-alpin\u00a0: <i>\u00ab<\/i><i>\u00a0<\/i><i>La compl\u00e9mentarit\u00e9 des deux embl\u00e8mes me touche beaucoup. En tant qu\u2019athl\u00e8te paralympique, on b\u00e9n\u00e9ficie de l\u2019effervescence des Jeux olympiques. C\u2019est important pour nous d\u2019avoir cette mise en lumi\u00e8re et cela peut susciter des vocations<\/i>\u00a0\u00bb, a-t-il r\u00e9agi.<\/p>\n<p>Quant aux couleurs, l\u00e0 aussi, rien n\u2019a \u00e9t\u00e9 laiss\u00e9 au hasard. Le bleu azur repr\u00e9sente le ciel m\u00e9diterran\u00e9en refl\u00e9t\u00e9 dans les lacs de montagne, et le rouge-rose les teintes que le soleil de l\u2019aurore ou du cr\u00e9puscule d\u00e9pose sur les sommets. Les deux, associ\u00e9s, rappellent \u00e9videmment les couleurs du drapeau tricolore. Au total, Mathieu Sakkas a travaill\u00e9 six mois avec l\u2019agence Saint-Lazare, studio de design graphique bas\u00e9 \u00e0 Paris, \u00e0 la conception des logos et leur d\u00e9clinaison sur les diff\u00e9rents visuels et produits commercialis\u00e9s.<\/p>\n<\/p><\/div>\n<div class=\"intext\"> Un moment festif malgr\u00e9 la pluie\n              <\/div>\n<div class=\"paragraph\">\n<p><i>\u00ab<\/i><i>\u00a0<\/i><i>Je ne sais pas vous, mais moi, j\u2019adore. Ils sont simples, purs, \u00e9l\u00e9gants. Finalement, ils ressemblent tellement \u00e0 nos montagnes qui sont tout \u00e7a \u00e0 la fois<\/i><i>\u00a0<\/i><i>\u00bb<\/i>, s\u2019est enthousiasm\u00e9e la ministre des Sports, Marina Ferrari, qui s\u2019est d\u2019ailleurs rendue \u00e0 Brian\u00e7on avec le pr\u00e9sident de la R\u00e9gion Sud (Ren.), Renaud Muselier, \u00e0 bord de l\u2019Alpe Express. Ce train express relie Brian\u00e7on \u00e0 Marseille en 3h40 et sera mis en place pendant les Jeux, puis maintenu apr\u00e8s, \u00e0 raison de deux trajets par jour.<\/p>\n<p>Pour la pr\u00e9sentation, la mairie de Brian\u00e7on a organis\u00e9 un moment musical et festif au Parc des Sports, avec concerts et prises de parole. L\u2019\u00e9v\u00e9nement, retard\u00e9 d\u20191h30 \u00e0 la suite d\u2019un fort \u00e9pisode pluvieux, a attir\u00e9 pr\u00e8s d\u2019un millier de personnes.<\/p>\n<p>Ange Fabre<\/p>\n<\/p><\/div>\n<div class=\"paragraph\">\n<p><b>La carte des sites valid\u00e9e ce vendredi ?<\/b><\/p>\n<p>Le comit\u00e9 d\u2019organisation se r\u00e9unit, ce vendredi, lors d\u2019un nouveau bureau ex\u00e9cutif. L\u2019objectif est de \u00ab stabiliser \u00bb la carte des sites, en vue de la validation par CIO, qui doit arriver d\u00e9but juillet.<\/p>\n<p>Si celle des Jeux paralympiques s\u2019\u00e9claircit, celle des JO reste incertaine. Les sites de ski alpin doivent encore \u00eatre d\u00e9termin\u00e9s et les sports additionnels doivent, eux, \u00eatre confirm\u00e9s. Ces derniers seront de toute fa\u00e7on plac\u00e9s au sud, selon un accord entre R\u00e9gions.<\/p>\n<p>P.G.<\/p>\n<\/p><\/div>\n","protected":false},"excerpt":{"rendered":"Au moment o&ugrave; apparaissent &agrave; l&rsquo;&eacute;cran, ce jeudi soir &agrave; Brian&ccedil;on, les deux formes triangulaires, repr&eacute;sentant de mani&egrave;re &eacute;pur&eacute;e, mais claire, deux massifs montagneux, embl&egrave;mes &#8230;","protected":false},"author":1,"featured_media":33450,"comment_status":"open","ping_status":"open","sticky":false,"template":"","format":"standard","meta":{"footnotes":""},"categories":[3926,3924,20,7],"tags":[4768,2256,4219,4399,4218,3415,708,2255,394],"news-destination":[3944],"news-source":[475],"is_homepage":[],"ta_other":[],"class_list":["post-33449","post","type-post","status-publish","format-standard","has-post-thumbnail","hentry","category-accueil-merge","category-accueil-second","category-societe","category-sports","tag-alpes","tag-jeux-olympiques","tag-jeux-olympiques-dhiver-2030","tag-jeux-paralympiques","tag-jo2030","tag-montagne","tag-renaud-muselier","tag-ski-alpin","tag-sport","news-destination-homepage","news-source-website"],"_links":{"self":[{"href":"https:\/\/euapp01.newsmemory.com\/lamarseillaise\/news\/wp-json\/wp\/v2\/posts\/33449","targetHints":{"allow":["GET"]}}],"collection":[{"href":"https:\/\/euapp01.newsmemory.com\/lamarseillaise\/news\/wp-json\/wp\/v2\/posts"}],"about":[{"href":"https:\/\/euapp01.newsmemory.com\/lamarseillaise\/news\/wp-json\/wp\/v2\/types\/post"}],"author":[{"embeddable":true,"href":"https:\/\/euapp01.newsmemory.com\/lamarseillaise\/news\/wp-json\/wp\/v2\/users\/1"}],"replies":[{"embeddable":true,"href":"https:\/\/euapp01.newsmemory.com\/lamarseillaise\/news\/wp-json\/wp\/v2\/comments?post=33449"}],"version-history":[{"count":1,"href":"https:\/\/euapp01.newsmemory.com\/lamarseillaise\/news\/wp-json\/wp\/v2\/posts\/33449\/revisions"}],"predecessor-version":[{"id":33451,"href":"https:\/\/euapp01.newsmemory.com\/lamarseillaise\/news\/wp-json\/wp\/v2\/posts\/33449\/revisions\/33451"}],"wp:featuredmedia":[{"embeddable":true,"href":"https:\/\/euapp01.newsmemory.com\/lamarseillaise\/news\/wp-json\/wp\/v2\/media\/33450"}],"wp:attachment":[{"href":"https:\/\/euapp01.newsmemory.com\/lamarseillaise\/news\/wp-json\/wp\/v2\/media?parent=33449"}],"wp:term":[{"taxonomy":"category","embeddable":true,"href":"https:\/\/euapp01.newsmemory.com\/lamarseillaise\/news\/wp-json\/wp\/v2\/categories?post=33449"},{"taxonomy":"post_tag","embeddable":true,"href":"https:\/\/euapp01.newsmemory.com\/lamarseillaise\/news\/wp-json\/wp\/v2\/tags?post=33449"},{"taxonomy":"news-destination","embeddable":true,"href":"https:\/\/euapp01.newsmemory.com\/lamarseillaise\/news\/wp-json\/wp\/v2\/news-destination?post=33449"},{"taxonomy":"news-source","embeddable":true,"href":"https:\/\/euapp01.newsmemory.com\/lamarseillaise\/news\/wp-json\/wp\/v2\/news-source?post=33449"},{"taxonomy":"is_homepage","embeddable":true,"href":"https:\/\/euapp01.newsmemory.com\/lamarseillaise\/news\/wp-json\/wp\/v2\/is_homepage?post=33449"},{"taxonomy":"ta_other","embeddable":true,"href":"https:\/\/euapp01.newsmemory.com\/lamarseillaise\/news\/wp-json\/wp\/v2\/ta_other?post=33449"}],"curies":[{"name":"wp","href":"https:\/\/api.w.org\/{rel}","templated":true}]}}