{"id":33446,"date":"2026-06-19T06:56:00","date_gmt":"2026-06-19T04:56:00","guid":{"rendered":"https:\/\/euapp01.newsmemory.com\/lamarseillaise\/news\/?p=33446"},"modified":"2026-06-23T08:13:36","modified_gmt":"2026-06-23T06:13:36","slug":"des-contrefacons-broyees-pour-lexemple-a-marseille","status":"publish","type":"post","link":"https:\/\/euapp01.newsmemory.com\/lamarseillaise\/news\/2026\/06\/19\/des-contrefacons-broyees-pour-lexemple-a-marseille\/","title":{"rendered":"Des contrefa\u00e7ons broy\u00e9es pour l\u2019exemple \u00e0 Marseille"},"content":{"rendered":"<div class=\"paragraph\">\n<p>Pas moins de 206\u00a0054\u00a0marchandises contrefaisantes, d\u2019une valeur de 42\u00a0millions d\u2019euros, avaient \u00e9t\u00e9 saisies, en f\u00e9vrier, sur le March\u00e9 du soleil, dans le cadre d\u2019une enqu\u00eate judiciaire du parquet de Marseille pour trafic de contrefa\u00e7on et blanchiment, apr\u00e8s la saisie des murs en novembre\u00a02025, entra\u00eenant la fermeture des lieux pour six\u00a0mois.<\/p>\n<p>Dans la cour int\u00e9rieure de la cit\u00e9 des douanes (3<sup>e<\/sup>) ce jeudi 18\u00a0juin, une partie d\u2019entre elles sont \u00e9tal\u00e9es au pied d\u2019un camion dans lequel a \u00e9t\u00e9 install\u00e9e une d\u00e9chiqueteuse. Lunettes de soleil, sacs haute couture approximatifs, chaussures de sport et claquettes en cuir, maillots de foot plus ou moins olympiens et tee-shirt, le panel est impressionnant. On trouve \u00e9galement des machines \u00e0 coudre pour doter les textiles d\u2019\u00e9tiquettes contrefaites.<\/p>\n<p>Pour la pr\u00e9f\u00e8te de police d\u00e9l\u00e9gu\u00e9e, Corinne Simon, il s\u2019agit d\u2019une \u00ab\u00a0<i>op\u00e9ration embl\u00e9matique<\/i>\u00a0\u00bb. D\u2019abord \u00ab\u00a0<i>parce qu\u2019elle permet de mettre en avant toute l\u2019efficacit\u00e9 de la loi narco du 13<\/i><i>\u00a0<\/i><i>juin dernier<\/i>\u00a0\u00bb, estime-t-elle. Un texte qui permet aux pr\u00e9fets \u00ab<i>\u00a0<\/i><i>de pouvoir fermer administrativement les commerces d\u00e8s lors o\u00f9 une infraction est caract\u00e9ris\u00e9e, que ce soit sur du trafic de stup\u00e9fiants, de l\u2019association de malfaiteurs, du recel ou de la pr\u00e9somption de blanchiment<\/i><i>\u00a0<\/i>\u00bb, pr\u00e9cise-t-elle. Et c\u2019est sur cette derni\u00e8re que Corinne Simon s\u2019est appuy\u00e9e pour la fermeture du March\u00e9 du soleil.<\/p>\n<p>Autre objet de satisfaction pour la pr\u00e9f\u00e8te de police d\u00e9l\u00e9gu\u00e9e, il s\u2019agit \u00ab\u00a0<i>d\u2019une op\u00e9ration d\u2019envergure qui a n\u00e9cessit\u00e9 un travail de pr\u00e9paration important, un travail interservices<\/i><i>\u00a0<\/i>\u00bb, o\u00f9 une centaine de douaniers, une quinzaine d\u2019officiers de police judiciaire, \u00e0 la fois de police et de gendarmerie nationale, et des CRS ont \u00e9t\u00e9 mobilis\u00e9s. Cela fait aussi \u00ab\u00a0<i>40<\/i><i>\u00a0<\/i><i>ans que ce march\u00e9 existe<\/i>\u00a0\u00bb a-t-elle rappel\u00e9, et \u00ab\u00a0<i>d\u2019ann\u00e9e en ann\u00e9e, on a vu qu\u2019il s\u2019\u00e9tait modifi\u00e9 pour devenir un march\u00e9 \u00e0 ciel ouvert de contrefa\u00e7ons, il \u00e9tait imp\u00e9ratif que nous puissions y mettre un terme, parce que c\u2019est une concurrence d\u00e9loyale par rapport aux marques et que cela permet de d\u00e9clencher une \u00e9conomie souterraine qui finance des activit\u00e9s ill\u00e9gales<\/i>\u00a0\u00bb.<\/p>\n<\/p><\/div>\n<div class=\"intext\"> Un milliard de taxes<br \/>\n               <br \/>en moins pour l\u2019\u00c9tat\n              <\/div>\n<div class=\"paragraph\">\n<p>Le procureur de la R\u00e9publique de Marseille, Nicolas Bessone, a lui aussi insist\u00e9 sur la contribution des douanes. C\u2019est sur la base de leurs saisies \u00ab\u00a0<i>men\u00e9es r\u00e9guli\u00e8rement de 2024 \u00e0 2025, et \u00e0 chaque fois, c\u2019\u00e9tait bingo, que nous avons pu d\u00e9terminer qu\u2019on \u00e9tait dans le cadre de la marchandise contrefaisante en bande organis\u00e9e<\/i>\u00a0\u00bb assure-t-il, s\u2019\u00e9tonnant que \u00ab\u00a0<i>dans les guides touristiques, l\u2019existence de ce march\u00e9 soit donn\u00e9e comme un must<\/i>\u00a0\u00bb. Le procureur se f\u00e9licite au passage d\u2019une op\u00e9ration \u00ab<i>\u00a0<\/i><i>gagnant-gagnant<\/i>\u00a0\u00bb, le \u00ab\u00a0<i>repr\u00e9sentant du consortium des marques<\/i>\u00a0\u00bb prenant en charge les co\u00fbts de la destruction, et du don des machines \u00e0 coudre \u00ab\u00a0<i>\u00e0 l\u2019administration p\u00e9nitentiaire pour fournir du travail aux d\u00e9tenus<\/i>\u00a0\u00bb.<\/p>\n<p>Pour l\u2019\u00c9tat, le manque \u00e0 gagner reste important, insiste Delphine Sarfati-Sobreira, directrice g\u00e9n\u00e9rale de l\u2019Union des fabricants (Unifab). \u00ab\u00a0<i>C\u2019est un milliard d\u2019euros de taxes que la contrefa\u00e7on fait perdre, en p\u00e9riode \u00e9conomique compliqu\u00e9e, on ne peut pas passer \u00e0 c\u00f4t\u00e9 et 38<\/i><i>\u00a0<\/i><i>000<\/i><i>\u00a0<\/i><i>emplois perdus par an<\/i>\u00a0\u00bb, ajoute-t-elle. Soulignant le danger pour les consommateurs qui ach\u00e8teraient ces produits, avec des lunettes de soleil qui n\u2019ont pas de filtre, des teintures pouvant provoquer de graves allergies, elle pr\u00e9cise que ces marchandises \u00ab<i>\u00a0<\/i><i>fabriqu\u00e9es \u00e0 des milliers de kilom\u00e8tres ont un bilan carbone absolument d\u00e9sastreux et les usines qui fabriquent de la contrefa\u00e7on rejettent leurs d\u00e9chets dans la nature<\/i>\u00a0\u00bb.<\/p>\n<p>Malins, les fraudeurs ont pr\u00e9vu \u00e9galement de dissocier les textiles des logos pour mieux \u00e9couler la marchandise, note-t-elle. \u00ab<i>\u00a0<\/i><i>L\u2019assemblage se fait en France<\/i>, r\u00e9v\u00e8le-t-elle. <i>C\u2019est moins compliqu\u00e9 de se faire envoyer un carton de logos en cas de saisies que tout un lot de v\u00eatements complet<\/i>\u00a0\u00bb. Tout un syst\u00e8me qui sera explicit\u00e9 lors du proc\u00e8s. Parmi les 15\u00a0pr\u00e9venus, les gardiens du march\u00e9, le g\u00e9rant administratif, une g\u00e9rante sur le terrain, une agente de la pr\u00e9fecture et deux policiers municipaux&#8230;<\/p>\n<\/p><\/div>\n","protected":false},"excerpt":{"rendered":"Pas moins de 206&nbsp;054&nbsp;marchandises contrefaisantes, d&rsquo;une valeur de 42&nbsp;millions d&rsquo;euros, avaient &eacute;t&eacute; saisies, en f&eacute;vrier, sur le March&eacute; du soleil, dans le cadre d&rsquo;une enqu&ecirc;te &#8230;","protected":false},"author":1,"featured_media":33447,"comment_status":"open","ping_status":"open","sticky":false,"template":"","format":"standard","meta":{"footnotes":""},"categories":[3926,3924,20],"tags":[100,4948,4975,10,2294,954,2964,3029,118,753,1276,105,1798,200,1134,16,2392,2061,763,2390,1699,1131,3203,1980,2060],"news-destination":[3944],"news-source":[475],"is_homepage":[],"ta_other":[],"class_list":["post-33446","post","type-post","status-publish","format-standard","has-post-thumbnail","hentry","category-accueil-merge","category-accueil-second","category-societe","tag-activites","tag-allergies","tag-bilan-carbone","tag-bouches-du-rhone","tag-concurrence-deloyale","tag-consommateurs","tag-corinne-simon","tag-douanes","tag-economie","tag-emplois","tag-enquete","tag-fermeture","tag-gendarmerie","tag-justice","tag-marche","tag-marseille","tag-nicolas-bessone","tag-parquet","tag-police","tag-police-judiciaire","tag-policiers","tag-prefecture","tag-prefete","tag-procureur","tag-trafic-de-stupefiants","news-destination-homepage","news-source-website"],"_links":{"self":[{"href":"https:\/\/euapp01.newsmemory.com\/lamarseillaise\/news\/wp-json\/wp\/v2\/posts\/33446","targetHints":{"allow":["GET"]}}],"collection":[{"href":"https:\/\/euapp01.newsmemory.com\/lamarseillaise\/news\/wp-json\/wp\/v2\/posts"}],"about":[{"href":"https:\/\/euapp01.newsmemory.com\/lamarseillaise\/news\/wp-json\/wp\/v2\/types\/post"}],"author":[{"embeddable":true,"href":"https:\/\/euapp01.newsmemory.com\/lamarseillaise\/news\/wp-json\/wp\/v2\/users\/1"}],"replies":[{"embeddable":true,"href":"https:\/\/euapp01.newsmemory.com\/lamarseillaise\/news\/wp-json\/wp\/v2\/comments?post=33446"}],"version-history":[{"count":1,"href":"https:\/\/euapp01.newsmemory.com\/lamarseillaise\/news\/wp-json\/wp\/v2\/posts\/33446\/revisions"}],"predecessor-version":[{"id":33448,"href":"https:\/\/euapp01.newsmemory.com\/lamarseillaise\/news\/wp-json\/wp\/v2\/posts\/33446\/revisions\/33448"}],"wp:featuredmedia":[{"embeddable":true,"href":"https:\/\/euapp01.newsmemory.com\/lamarseillaise\/news\/wp-json\/wp\/v2\/media\/33447"}],"wp:attachment":[{"href":"https:\/\/euapp01.newsmemory.com\/lamarseillaise\/news\/wp-json\/wp\/v2\/media?parent=33446"}],"wp:term":[{"taxonomy":"category","embeddable":true,"href":"https:\/\/euapp01.newsmemory.com\/lamarseillaise\/news\/wp-json\/wp\/v2\/categories?post=33446"},{"taxonomy":"post_tag","embeddable":true,"href":"https:\/\/euapp01.newsmemory.com\/lamarseillaise\/news\/wp-json\/wp\/v2\/tags?post=33446"},{"taxonomy":"news-destination","embeddable":true,"href":"https:\/\/euapp01.newsmemory.com\/lamarseillaise\/news\/wp-json\/wp\/v2\/news-destination?post=33446"},{"taxonomy":"news-source","embeddable":true,"href":"https:\/\/euapp01.newsmemory.com\/lamarseillaise\/news\/wp-json\/wp\/v2\/news-source?post=33446"},{"taxonomy":"is_homepage","embeddable":true,"href":"https:\/\/euapp01.newsmemory.com\/lamarseillaise\/news\/wp-json\/wp\/v2\/is_homepage?post=33446"},{"taxonomy":"ta_other","embeddable":true,"href":"https:\/\/euapp01.newsmemory.com\/lamarseillaise\/news\/wp-json\/wp\/v2\/ta_other?post=33446"}],"curies":[{"name":"wp","href":"https:\/\/api.w.org\/{rel}","templated":true}]}}