{"id":33443,"date":"2026-06-19T06:47:00","date_gmt":"2026-06-19T04:47:00","guid":{"rendered":"https:\/\/euapp01.newsmemory.com\/lamarseillaise\/news\/?p=33443"},"modified":"2026-06-23T07:35:42","modified_gmt":"2026-06-23T05:35:42","slug":"investisseur-beton-pour-fibre-excellence","status":"publish","type":"post","link":"https:\/\/euapp01.newsmemory.com\/lamarseillaise\/news\/2026\/06\/19\/investisseur-beton-pour-fibre-excellence\/","title":{"rendered":"Investisseur b\u00e9ton pour Fibre Excellence"},"content":{"rendered":"<div class=\"paragraph\">\n<p>Face aux grandes chemin\u00e9es de l\u2019usine Fibre Excellence de Tarascon, dont presque plus aucune fum\u00e9e ne sort depuis le <a rel=\"noopener noreferrer\" href=\"https:\/\/www.lamarseillaise.fr\/social\/fibre-excellence-en-redressement-judiciaire-CK20081470\" target=\"_blank\">placement en redressement judiciaire de l\u2019entreprise de p\u00e2te \u00e0 papier<\/a>, fin avril par le tribunal de commerce de Toulouse, une bonne partie des plus de 300\u00a0salari\u00e9s \u00e9taient pr\u00e9sents avec le sourire, ce jeudi 18\u00a0juin. Et pour cause, ils ont appris <a rel=\"noopener noreferrer\" href=\"https:\/\/www.lamarseillaise.fr\/economie\/matthieu-pigasse-sauveur-surprise-de-fibre-excellence-BJ20387897\" target=\"_blank\">l\u2019entr\u00e9e, ce mercredi, d\u2019un investisseur de taille dans l\u2019unique offre de reprise\u00a0: Matthieu Pigasse.<\/a><\/p>\n<p>En cons\u00e9quence, l\u2019audience devant le tribunal de commerce, qui devait statuer sur l\u2019avenir de la structure et \u00e9tait initialement pr\u00e9vue le mercredi 17\u00a0juin, a \u00e9t\u00e9 report\u00e9e au 6\u00a0juillet, le temps d\u2019\u00e9toffer le dossier. L\u2019entreprise risquait notamment la liquidation judiciaire apr\u00e8s le retrait de son actionnaire principal indon\u00e9sien, il y a bient\u00f4t deux mois.<\/p>\n<p>La plupart des salari\u00e9s ont ainsi suivi en visioconf\u00e9rence la conf\u00e9rence de presse organis\u00e9e sur l\u2019autre site de l\u2019entreprise, \u00e0 Saint-Gaudens, en Haute-Garonne, en pr\u00e9sence de la secr\u00e9taire g\u00e9n\u00e9rale de la CGT, Sophie Binet, et de la pr\u00e9sidente du conseil r\u00e9gional d\u2019Occitanie, Carole Delga (PS). Depuis le parking de l\u2019usine, une t\u00e9l\u00e9vision avait \u00e9t\u00e9 install\u00e9e pour l\u2019occasion. Les \u00e9lus locaux et les repr\u00e9sentants syndicaux, quant \u00e0 eux, ont suivi l\u2019\u00e9v\u00e9nement depuis le r\u00e9fectoire de l\u2019entreprise.<\/p>\n<p>\u00ab\u00a0<i>Il y a 48<\/i><i>\u00a0<\/i><i>heures, on a appris qu\u2019un investisseur fran\u00e7ais allait essayer de sauver 10<\/i><i>\u00a0<\/i><i>700<\/i><i>\u00a0<\/i><i>emplois directs et indirects. Le ministre avait des r\u00e9serves avant, car les investisseurs \u00e9taient Indon\u00e9siens. Maintenant que c\u2019est un Fran\u00e7ais, il faut y aller. C\u2019est une tr\u00e8s bonne chose pour nous, mais le combat n\u2019est pas fini. Si \u00e7a se r\u00e9alise, c\u2019est comme si le p\u00e8re No\u00ebl \u00e9tait pass\u00e9 en juin<\/i>\u00a0\u00bb, se r\u00e9jouit, sous les applaudissements, Laurent Quinto, salari\u00e9 du site de Tarascon et repr\u00e9sentant de la Filpac-CGT. \u00ab<i>\u00a0<\/i><i>Il ne faut plus tra\u00eener<\/i>\u00a0\u00bb, lance de son c\u00f4t\u00e9 Florent Bertaud, secr\u00e9taire FO du site. Il d\u00e9nonce le \u00ab<i>\u00a0<\/i><i>blocage du gouvernement<\/i>\u00a0\u00bb qui selon lui \u00ab\u00a0<i>a l\u2019enti\u00e8re responsabilit\u00e9<\/i><i>\u00a0<\/i>\u00bb de la situation, tout en appelant \u00e0 \u00ab<i>\u00a0<\/i><i>passer par une nationalisation temporaire si n\u00e9cessaire<\/i><i>\u00a0<\/i>\u00bb. \u00ab\u00a0<i>Ce matin, on a la banane avec cette petite lueur d\u2019espoir<\/i>\u00a0\u00bb, conclut Fr\u00e9d\u00e9ric Sanchez, repr\u00e9sentant de la CFDT, qui donne rendez-vous le 6\u00a0juillet. En esp\u00e9rant une bonne nouvelle.<\/p>\n<\/p><\/div>\n<div class=\"intext\"> Table ronde\n              <\/div>\n<div class=\"paragraph\">\n<p>L\u2019occasion, \u00e9galement, pour les responsables politiques de r\u00e9affirmer leur soutien. Si les R\u00e9gions Occitanie et Sud ont mis la main \u00e0 la poche (lire ci-dessous), les diff\u00e9rents maires et pr\u00e9sidents d\u2019intercommunalit\u00e9s alentour rappellent l\u2019importance de Fibre Excellence pour le territoire. Le maire d\u2019extr\u00eame droite de Tarascon, Alexandre Ducouret (RN), n\u2019a pas \u00e9t\u00e9 convi\u00e9 \u00e0 la conf\u00e9rence de presse, la CGT rappelant son opposition aux id\u00e9es de son parti. L\u2019\u00e9dile aurait menac\u00e9 de porter plainte avant de publier un communiqu\u00e9 sur les r\u00e9seaux sociaux de la commune.<\/p>\n<p>C\u2019est son pr\u00e9d\u00e9cesseur et vice-pr\u00e9sident du conseil d\u00e9partemental des Bouches-du-Rh\u00f4ne, Lucien Limousin (DVD), qui a pu s\u2019exprimer aux c\u00f4t\u00e9s des maires d\u2019Arles et de Maussane-les-Alpilles. \u00ab\u00a0<i>L\u2019intersyndicale r\u00e9alise quelque chose d\u2019\u00e9norme. On esp\u00e8re que l\u2019\u00c9tat va se r\u00e9veiller<\/i>\u00a0\u00bb, lance-t-il.<\/p>\n<p>\u00ab\u00a0<i>On ne peut pas claironner haut et fort \u00eatre en faveur de la r\u00e9industrialisation de la France et ne pas s\u2019occuper des sites industriels<\/i><i>\u00a0<\/i>\u00bb, abonde l\u2019\u00e9dile arl\u00e9sien Patrick de Carolis (Horizons), avec l\u2019approbation de ses voisins. Comme la plupart des acteurs autour de la table, il attend une position claire de l\u2019\u00c9tat sur l\u2019avenir du site, alors que de nombreuses lettres adress\u00e9es aux minist\u00e8res sont rest\u00e9es sans r\u00e9ponse jusqu\u2019ici. \u00ab<i>\u00a0<\/i><i>Le plus important, c\u2019est le rapport de force que vous avez su cr\u00e9er. C\u2019est vous les experts de l\u2019outil de travail et la suite doit \u00eatre cr\u00e9\u00e9e avec vous. C\u2019est pour cela qu\u2019il faut d\u00e9sormais imp\u00e9rativement organiser une table ronde<\/i><i>\u00a0<\/i>\u00bb, plaide Camille Di Falco, attach\u00e9 parlementaire du s\u00e9nateur communiste des Bouches-du-Rh\u00f4ne J\u00e9r\u00e9my Bacchi, qui n\u2019a pas pu \u00eatre pr\u00e9sent ce jeudi.<\/p>\n<p>Apr\u00e8s ces moments intenses, place au barbecue, avec merguez et saucisses sous le barnum install\u00e9 \u00e0 c\u00f4t\u00e9 du parking \u00e0 motos. Un moment de r\u00e9pit apr\u00e8s des mois de stress. \u00ab\u00a0<i>Une petite heure de d\u00e9compression qui va faire du bien \u00e0 tout le monde<\/i><i>\u00a0<\/i>\u00bb, lance joyeusement au micro Laurent Quinto.<\/p>\n<\/p><\/div>\n<div class=\"paragraph\">\n<p><b>Le r\u00f4le d\u00e9terminant des R\u00e9gions<\/b><\/p>\n<p>Pour sauver Fibre Excellence, R\u00e9gion Occitanie comme R\u00e9gion Sud ont \u00ab <i>mouill\u00e9 le maillot<\/i> \u00bb, confie Sophie Binet, secr\u00e9taire g\u00e9n\u00e9rale de la CGT. Et pour cause : elles appuient \u00e0 hauteur de 8 millions d\u2019euros (5 pour Occitanie, 3 pour Sud) l\u2019unique offre de reprise pr\u00e9sent\u00e9e par la direction actuelle de Fibre Excellence. \u00ab <i>Sa disparition serait la signature de l\u2019arr\u00eat de mort pour nos territoires<\/i> \u00bb, a expliqu\u00e9 Cyril Juglaret, repr\u00e9sentant du pr\u00e9sident (Ren.) de R\u00e9gion Sud, Renaud Muselier, ce mercredi. Avant de se r\u00e9jouir : \u00ab <i>On va rentrer au capital, c\u2019est exceptionnel !<\/i> \u00bb. Quand Carole Delga, pr\u00e9sidente (PS) de R\u00e9gion Occitanie, a soulign\u00e9 avoir \u00ab remu\u00e9 ciel et terre \u00bb dans la recherche d\u2019un investisseur et avoir \u00ab pens\u00e9 \u00e0 Matthieu Pigasse \u00bb. \u00ab <i>La France a besoin de cette production, il y a un d\u00e9bouch\u00e9, un march\u00e9 pour la p\u00e2te \u00e0 papier<\/i> \u00bb, a-t-elle martel\u00e9. A.B.<\/p>\n<\/p><\/div>\n<div class=\"paragraph\">\n<p><b>T\u00c9MOIGNAGES DE SALARI\u00c9S DE FIBRE EXCELLENCE <\/b><\/p>\n<p><b>Philippe Verdiere, <\/b><i><b>Op\u00e9rateur service r\u00e9g\u00e9n\u00e9ration<\/b><\/i><\/p>\n<\/p><\/div>\n<div class=\"paragraph\">\n<p>\u00ab J\u2019ai grandi ici et j\u2019ai toujours connu l\u2019usine. M\u00eame si elle a connu des p\u00e9riodes de bien et de moins bien, il y a beaucoup de peur li\u00e9e \u00e0 la pr\u00e9carit\u00e9 de la situation. Pas mal d\u2019entre nous \u00e9taient au ch\u00f4mage partiel. \u00c7a fait mal au niveau du salaire et, pour certains, c\u2019\u00e9tait dur de joindre les deux bouts. Cette bonne nouvelle nous donne un espoir qu\u2019on \u00e9tait en train de perdre.<\/p>\n<p>Cette possible issue favorable, c\u2019est un coup de boost. \u00bb<\/p>\n<p><b>Martine Barbier, <\/b><i><b>Comptable<\/b><\/i><\/p>\n<\/p><\/div>\n<div class=\"paragraph\">\n<p>\u00ab C\u2019est une soci\u00e9t\u00e9 importante et on aimerait tous qu\u2019elle reste en vie. Il y a quand m\u00eame 600 salari\u00e9s concern\u00e9s. Il faut que l\u2019\u00c9tat r\u00e9agisse. Je suis fatigu\u00e9e apr\u00e8s des mois de \u00ab\u00e7a va fermer\u00bb et de \u00ab\u00e7a ne va pas fermer\u00bb. Et encore plus avec les coll\u00e8gues mis au ch\u00f4mage partiel. Cela fait tr\u00e8s bizarre de se promener dans une si grande entreprise, o\u00f9 nous sommes g\u00e9n\u00e9ralement tr\u00e8s nombreux, et qui est d\u00e9sormais quasiment vide. On se sent seuls. \u00bb<\/p>\n<p><b>Muriel Sanchez, <\/b><i><b>Assistante de direction<\/b><\/i><\/p>\n<\/p><\/div>\n<div class=\"paragraph\">\n<p>\u00ab Je travaille ici depuis 30 ans, depuis l\u2019obtention de mes dipl\u00f4mes. Quasiment toute ma famille y travaille et j\u2019y ai m\u00eame rencontr\u00e9 mon \u00e9poux.<\/p>\n<\/p><\/div>\n<div class=\"paragraph\">\n<p>\u00c0 l\u2019annonce de la mise au ch\u00f4mage partiel, j\u2019ai mis quinze jours \u00e0 m\u2019en remettre.<\/p>\n<p>Et l\u00e0, je ressens enfin une lueur d\u2019espoir et je croise les doigts, car une fermeture ferait \u00e9norm\u00e9ment de malheureux. Toute cette solidarit\u00e9 que l\u2019on voit permet en tout cas d\u2019y croire. \u00bb<\/p>\n<p>R<b>ecueillis par M.S.<\/b><\/p>\n<\/p><\/div>\n","protected":false},"excerpt":{"rendered":"Face aux grandes chemin&eacute;es de l&rsquo;usine Fibre Excellence de Tarascon, dont presque plus aucune fum&eacute;e ne sort depuis le placement en redressement judiciaire de l&rsquo;entreprise de p&acirc;te &agrave; papier, fin avril par le &#8230;","protected":false},"author":1,"featured_media":33444,"comment_status":"open","ping_status":"open","sticky":false,"template":"","format":"standard","meta":{"footnotes":""},"categories":[3923,3926,338,331],"tags":[10,5900,879,237,4279,4295,1017,528,488,748,4281,551,5422,491,1557,1740,244],"news-destination":[3944],"news-source":[475],"is_homepage":[],"ta_other":[],"class_list":["post-33443","post","type-post","status-publish","format-standard","has-post-thumbnail","hentry","category-accueil-first","category-accueil-merge","category-economie","category-social","tag-bouches-du-rhone","tag-camille-di-falco","tag-carole-delga","tag-cfdt","tag-fibre-excellence","tag-filpac-cgt","tag-fo","tag-gouvernement","tag-industriels","tag-jeremy-bacchi","tag-pate-a-papier","tag-patrick-de-carolis","tag-redressement-judiciaire","tag-reindustrialisation","tag-sophie-binet","tag-tarascon","tag-tribunal-de-commerce","news-destination-homepage","news-source-website"],"_links":{"self":[{"href":"https:\/\/euapp01.newsmemory.com\/lamarseillaise\/news\/wp-json\/wp\/v2\/posts\/33443","targetHints":{"allow":["GET"]}}],"collection":[{"href":"https:\/\/euapp01.newsmemory.com\/lamarseillaise\/news\/wp-json\/wp\/v2\/posts"}],"about":[{"href":"https:\/\/euapp01.newsmemory.com\/lamarseillaise\/news\/wp-json\/wp\/v2\/types\/post"}],"author":[{"embeddable":true,"href":"https:\/\/euapp01.newsmemory.com\/lamarseillaise\/news\/wp-json\/wp\/v2\/users\/1"}],"replies":[{"embeddable":true,"href":"https:\/\/euapp01.newsmemory.com\/lamarseillaise\/news\/wp-json\/wp\/v2\/comments?post=33443"}],"version-history":[{"count":1,"href":"https:\/\/euapp01.newsmemory.com\/lamarseillaise\/news\/wp-json\/wp\/v2\/posts\/33443\/revisions"}],"predecessor-version":[{"id":33445,"href":"https:\/\/euapp01.newsmemory.com\/lamarseillaise\/news\/wp-json\/wp\/v2\/posts\/33443\/revisions\/33445"}],"wp:featuredmedia":[{"embeddable":true,"href":"https:\/\/euapp01.newsmemory.com\/lamarseillaise\/news\/wp-json\/wp\/v2\/media\/33444"}],"wp:attachment":[{"href":"https:\/\/euapp01.newsmemory.com\/lamarseillaise\/news\/wp-json\/wp\/v2\/media?parent=33443"}],"wp:term":[{"taxonomy":"category","embeddable":true,"href":"https:\/\/euapp01.newsmemory.com\/lamarseillaise\/news\/wp-json\/wp\/v2\/categories?post=33443"},{"taxonomy":"post_tag","embeddable":true,"href":"https:\/\/euapp01.newsmemory.com\/lamarseillaise\/news\/wp-json\/wp\/v2\/tags?post=33443"},{"taxonomy":"news-destination","embeddable":true,"href":"https:\/\/euapp01.newsmemory.com\/lamarseillaise\/news\/wp-json\/wp\/v2\/news-destination?post=33443"},{"taxonomy":"news-source","embeddable":true,"href":"https:\/\/euapp01.newsmemory.com\/lamarseillaise\/news\/wp-json\/wp\/v2\/news-source?post=33443"},{"taxonomy":"is_homepage","embeddable":true,"href":"https:\/\/euapp01.newsmemory.com\/lamarseillaise\/news\/wp-json\/wp\/v2\/is_homepage?post=33443"},{"taxonomy":"ta_other","embeddable":true,"href":"https:\/\/euapp01.newsmemory.com\/lamarseillaise\/news\/wp-json\/wp\/v2\/ta_other?post=33443"}],"curies":[{"name":"wp","href":"https:\/\/api.w.org\/{rel}","templated":true}]}}