{"id":33274,"date":"2026-06-17T18:00:00","date_gmt":"2026-06-17T16:00:00","guid":{"rendered":"https:\/\/euapp01.newsmemory.com\/lamarseillaise\/news\/?p=33274"},"modified":"2026-06-22T07:25:53","modified_gmt":"2026-06-22T05:25:53","slug":"un-nouvel-itineraire-des-bus-autour-du-quartier-monclar-a-avignon","status":"publish","type":"post","link":"https:\/\/euapp01.newsmemory.com\/lamarseillaise\/news\/2026\/06\/17\/un-nouvel-itineraire-des-bus-autour-du-quartier-monclar-a-avignon\/","title":{"rendered":"Un nouvel itin\u00e9raire des bus autour du quartier Monclar \u00e0 Avignon"},"content":{"rendered":"<div class=\"paragraph\">\n<p>\u00c0 partir de ce jeudi 18 juin, les habitants du quartier Monclar, \u00e0 l\u2019ouest d\u2019Avignon, devraient \u00e0 nouveau pouvoir prendre plus facilement les transports en commun apr\u00e8s l\u2019exercice du droit de retrait des chauffeurs, cons\u00e9cutif \u00e0 une \u00e9ni\u00e8me fusillade survenue le lundi 8 juin dernier. Sur les 19 arr\u00eats de bus habituels, 9 ne seront toujours pas desservis et seront remplac\u00e9s par d\u2019autres dans le cadre d\u2019une d\u00e9viation.<\/p>\n<p>Les lignes concern\u00e9es sont la C2 en direction de l\u2019h\u00f4pital d\u2019Avignon et la 10. Les arr\u00eats Monclar, Verdi, Quiot, Lopy, Lopofa, Violette, Martelange, Mouret et Scheppler-La Fabrica sont remplac\u00e9s par les arr\u00eats \u00c9glantines, Levan, Mouret et La Fabrica. La ligne 30 reprendra son fonctionnement normal. Le tout est conditionn\u00e9 \u00e0 v\u00e9rification par des membres de la Commission sant\u00e9, s\u00e9curit\u00e9 et conditions de travail (CSSCT), charg\u00e9s de constater si la pr\u00e9sence polici\u00e8re est suffisante sur les trajets.<\/p>\n<p>Un nouvel itin\u00e9raire \u00ab\u00a0au plus pr\u00e8s des habitants\u00a0\u00bb, plaide le Grand Avignon dans un communiqu\u00e9, bien qu\u2019il soit plus \u00e9loign\u00e9 qu\u2019\u00e0 l\u2019origine.<\/p>\n<p>Le Grand Avignon et Orizo assurent mettre en \u0153uvre \u00ab\u00a0<i>une solution permettant de maintenir un service public de transport au plus pr\u00e8s des habitants, tout en pr\u00e9servant la s\u00e9curit\u00e9 des conducteurs et des voyageurs<\/i>\u00a0\u00bb. Et que ces nouveaux trac\u00e9s permettent \u00ab\u00a0<i>d\u2019assurer la continuit\u00e9 de la desserte du quartier gr\u00e2ce \u00e0 des itin\u00e9raires et des arr\u00eats adapt\u00e9s<\/i>\u00a0\u00bb. Du c\u00f4t\u00e9 de FO, des discussions sont toujours en cours avec la direction \u00ab\u00a0<i>pour voir si la d\u00e9viation ne peut pas \u00eatre p\u00e9rennis\u00e9e<\/i>\u00a0\u00bb, confie Andr\u00e9 Saliba, secr\u00e9taire FO Orizo, qui souhaite \u00ab\u00a0<i>plus de pr\u00e9sence dans les bus pour la s\u00e9curit\u00e9 des chauffeurs<\/i>\u00a0\u00bb.<\/p>\n<\/p><\/div>\n","protected":false},"excerpt":{"rendered":"&Agrave; partir de ce jeudi 18 juin, les habitants du quartier Monclar, &agrave; l&rsquo;ouest d&rsquo;Avignon, devraient &agrave; nouveau pouvoir prendre plus facilement les transports en commun apr&egrave;s l&rsquo;exercice du droit de retrait des &#8230;","protected":false},"author":1,"featured_media":33275,"comment_status":"open","ping_status":"open","sticky":false,"template":"","format":"standard","meta":{"footnotes":""},"categories":[3926,3925,20],"tags":[174,195,1956,1902,266,1481,267,3345,751,818,171],"news-destination":[3944],"news-source":[475],"is_homepage":[],"ta_other":[],"class_list":["post-33274","post","type-post","status-publish","format-standard","has-post-thumbnail","hentry","category-accueil-merge","category-accueil-third","category-societe","tag-avignon","tag-conditions-de-travail","tag-conducteurs","tag-deviation","tag-droit-de-retrait","tag-force-ouvriere","tag-fusillades","tag-itineraires","tag-service-public","tag-transports-en-commun","tag-vaucluse","news-destination-homepage","news-source-website"],"_links":{"self":[{"href":"https:\/\/euapp01.newsmemory.com\/lamarseillaise\/news\/wp-json\/wp\/v2\/posts\/33274","targetHints":{"allow":["GET"]}}],"collection":[{"href":"https:\/\/euapp01.newsmemory.com\/lamarseillaise\/news\/wp-json\/wp\/v2\/posts"}],"about":[{"href":"https:\/\/euapp01.newsmemory.com\/lamarseillaise\/news\/wp-json\/wp\/v2\/types\/post"}],"author":[{"embeddable":true,"href":"https:\/\/euapp01.newsmemory.com\/lamarseillaise\/news\/wp-json\/wp\/v2\/users\/1"}],"replies":[{"embeddable":true,"href":"https:\/\/euapp01.newsmemory.com\/lamarseillaise\/news\/wp-json\/wp\/v2\/comments?post=33274"}],"version-history":[{"count":2,"href":"https:\/\/euapp01.newsmemory.com\/lamarseillaise\/news\/wp-json\/wp\/v2\/posts\/33274\/revisions"}],"predecessor-version":[{"id":33420,"href":"https:\/\/euapp01.newsmemory.com\/lamarseillaise\/news\/wp-json\/wp\/v2\/posts\/33274\/revisions\/33420"}],"wp:featuredmedia":[{"embeddable":true,"href":"https:\/\/euapp01.newsmemory.com\/lamarseillaise\/news\/wp-json\/wp\/v2\/media\/33275"}],"wp:attachment":[{"href":"https:\/\/euapp01.newsmemory.com\/lamarseillaise\/news\/wp-json\/wp\/v2\/media?parent=33274"}],"wp:term":[{"taxonomy":"category","embeddable":true,"href":"https:\/\/euapp01.newsmemory.com\/lamarseillaise\/news\/wp-json\/wp\/v2\/categories?post=33274"},{"taxonomy":"post_tag","embeddable":true,"href":"https:\/\/euapp01.newsmemory.com\/lamarseillaise\/news\/wp-json\/wp\/v2\/tags?post=33274"},{"taxonomy":"news-destination","embeddable":true,"href":"https:\/\/euapp01.newsmemory.com\/lamarseillaise\/news\/wp-json\/wp\/v2\/news-destination?post=33274"},{"taxonomy":"news-source","embeddable":true,"href":"https:\/\/euapp01.newsmemory.com\/lamarseillaise\/news\/wp-json\/wp\/v2\/news-source?post=33274"},{"taxonomy":"is_homepage","embeddable":true,"href":"https:\/\/euapp01.newsmemory.com\/lamarseillaise\/news\/wp-json\/wp\/v2\/is_homepage?post=33274"},{"taxonomy":"ta_other","embeddable":true,"href":"https:\/\/euapp01.newsmemory.com\/lamarseillaise\/news\/wp-json\/wp\/v2\/ta_other?post=33274"}],"curies":[{"name":"wp","href":"https:\/\/api.w.org\/{rel}","templated":true}]}}