{"id":33169,"date":"2026-06-16T08:17:00","date_gmt":"2026-06-16T06:17:00","guid":{"rendered":"https:\/\/euapp01.newsmemory.com\/lamarseillaise\/news\/?p=33169"},"modified":"2026-06-17T12:14:36","modified_gmt":"2026-06-17T10:14:36","slug":"maurel-durk-et-prudhomme-incontournables-favoris","status":"publish","type":"post","link":"https:\/\/euapp01.newsmemory.com\/lamarseillaise\/news\/2026\/06\/16\/maurel-durk-et-prudhomme-incontournables-favoris\/","title":{"rendered":"Maurel, Durk et Prud\u2019homme, incontournables favoris"},"content":{"rendered":"<div class=\"paragraph\">\n<p>Ils vont de nouveau faire trembler le Parc Bor\u00e9ly. Comme on vous l\u2019a annonc\u00e9 en d\u00e9but d\u2019ann\u00e9e, le pointeur mart\u00e9gal Pierre Maurel et les bombardiers Maison Durk et K\u00e9vin Prud\u2019homme ont d\u00e9cid\u00e9 de remonter la triplette, d\u00e9j\u00e0 finaliste du Mondial en 2021. \u00ab<i>\u00a0<\/i><i>Je repense souvent \u00e0 ce jour-l\u00e0<\/i><i>\u00a0<\/i>\u00bb, lance le local de l\u2019\u00e9tape qui r\u00eave de remporter La\u00a0Marseillaise, \u00ab\u00a0<i>le plus beau concours du monde<\/i>\u00a0\u00bb \u00e0 ses yeux. \u00ab<i>\u00a0<\/i><i>C\u2019\u00e9tait une aventure exceptionnelle, on a v\u00e9cu des moments extraordinaires. Mais maintenant ce qu\u2019il nous manque dans ce concours, c\u2019est la victoire<\/i><i>\u00a0<\/i>\u00bb, poursuit Maurel, d\u00e9j\u00e0 vainqueur de deux Nationaux sur ce d\u00e9but de saison\u00a0: Draguignan avec Maison Durk et Jean-Michel Puccinelli, puis le souvenir \u00ab\u00a0Fernand Rivi\u00e8re\u00a0\u00bb \u00e0 Nice, en hommage \u00e0 son oncle, aux c\u00f4t\u00e9s des Corses Basil Jackel et Joseph Barbato. De belles performances qui confirment son excellente saison 2025, o\u00f9 il a termin\u00e9 troisi\u00e8me du classement Passion p\u00e9tanque fran\u00e7aise (PPF) et des points Nationaux.<\/p>\n<\/p><\/div>\n<div class=\"intext\"> Trio d\u2019amis avec du caract\u00e8re\n              <\/div>\n<div class=\"paragraph\">\n<p>Les trois comp\u00e8res vont ainsi disputer leur troisi\u00e8me Marseillaise, apr\u00e8s la finale en perdue 2021 et leur \u00e9limination pr\u00e9matur\u00e9e en 16<sup>e<\/sup> de finale l\u2019ann\u00e9e suivante. \u00ab<i>\u00a0<\/i><i>Chaque fois que l\u2019on joue ensemble, on fait des beaux r\u00e9sultats. On sait que l\u2019on a ce qu\u2019il faut pour remporter ce Mondial<\/i><i>\u00a0<\/i>\u00bb, souligne K\u00e9vin Prud\u2019homme, demi-finaliste de la derni\u00e8re \u00e9dition en compagnie de son fr\u00e8re Sony et Delson Boulanger. \u00ab<i>\u00a0<\/i><i>C\u2019est un concours o\u00f9 il faut aller doucement, tout en ayant conscience qu\u2019on ne peut pas se rater sur une partie. C\u2019est donc toujours mieux quand on est une partie d\u2019amis<\/i><i>\u00a0<\/i>\u00bb, ajoute le pensionnaire du club de D\u00e9cines, qui \u00ab<i>\u00a0<\/i><i>arrive \u00e0 faire le dos rond \u00e0 c\u00f4t\u00e9 des deux gueulards<\/i><i>\u00a0<\/i>\u00bb. Comme Maurel, Durk et Prud\u2019homme r\u00e9alisent un d\u00e9but de saison tr\u00e8s honorable. Les deux bombardiers ont m\u00eame \u00e9t\u00e9 dimanche jusqu\u2019en quart de finale du National de Firminy. Ils seront d\u2019ailleurs en lice pour un titre de champion de France triplette, ce week-end, \u00e0 Douai.<\/p>\n<\/p><\/div>\n","protected":false},"excerpt":{"rendered":"Ils vont de nouveau faire trembler le Parc Bor&eacute;ly. Comme on vous l&rsquo;a annonc&eacute; en d&eacute;but d&rsquo;ann&eacute;e, le pointeur mart&eacute;gal Pierre Maurel et les bombardiers Maison Durk et K&eacute;vin Prud&rsquo;homme ont &#8230;","protected":false},"author":1,"featured_media":33170,"comment_status":"open","ping_status":"open","sticky":false,"template":"","format":"standard","meta":{"footnotes":""},"categories":[7],"tags":[10,3986,5560,16,4647,3332,1013],"news-destination":[],"news-source":[475],"is_homepage":[],"ta_other":[],"class_list":["post-33169","post","type-post","status-publish","format-standard","has-post-thumbnail","hentry","category-sports","tag-bouches-du-rhone","tag-le-mondial-la-marseillaise","tag-le-mondial-la-marseillaise-2026","tag-marseille","tag-mlm2026","tag-mondial-a-petanque","tag-petanque","news-source-website"],"_links":{"self":[{"href":"https:\/\/euapp01.newsmemory.com\/lamarseillaise\/news\/wp-json\/wp\/v2\/posts\/33169","targetHints":{"allow":["GET"]}}],"collection":[{"href":"https:\/\/euapp01.newsmemory.com\/lamarseillaise\/news\/wp-json\/wp\/v2\/posts"}],"about":[{"href":"https:\/\/euapp01.newsmemory.com\/lamarseillaise\/news\/wp-json\/wp\/v2\/types\/post"}],"author":[{"embeddable":true,"href":"https:\/\/euapp01.newsmemory.com\/lamarseillaise\/news\/wp-json\/wp\/v2\/users\/1"}],"replies":[{"embeddable":true,"href":"https:\/\/euapp01.newsmemory.com\/lamarseillaise\/news\/wp-json\/wp\/v2\/comments?post=33169"}],"version-history":[{"count":1,"href":"https:\/\/euapp01.newsmemory.com\/lamarseillaise\/news\/wp-json\/wp\/v2\/posts\/33169\/revisions"}],"predecessor-version":[{"id":33171,"href":"https:\/\/euapp01.newsmemory.com\/lamarseillaise\/news\/wp-json\/wp\/v2\/posts\/33169\/revisions\/33171"}],"wp:featuredmedia":[{"embeddable":true,"href":"https:\/\/euapp01.newsmemory.com\/lamarseillaise\/news\/wp-json\/wp\/v2\/media\/33170"}],"wp:attachment":[{"href":"https:\/\/euapp01.newsmemory.com\/lamarseillaise\/news\/wp-json\/wp\/v2\/media?parent=33169"}],"wp:term":[{"taxonomy":"category","embeddable":true,"href":"https:\/\/euapp01.newsmemory.com\/lamarseillaise\/news\/wp-json\/wp\/v2\/categories?post=33169"},{"taxonomy":"post_tag","embeddable":true,"href":"https:\/\/euapp01.newsmemory.com\/lamarseillaise\/news\/wp-json\/wp\/v2\/tags?post=33169"},{"taxonomy":"news-destination","embeddable":true,"href":"https:\/\/euapp01.newsmemory.com\/lamarseillaise\/news\/wp-json\/wp\/v2\/news-destination?post=33169"},{"taxonomy":"news-source","embeddable":true,"href":"https:\/\/euapp01.newsmemory.com\/lamarseillaise\/news\/wp-json\/wp\/v2\/news-source?post=33169"},{"taxonomy":"is_homepage","embeddable":true,"href":"https:\/\/euapp01.newsmemory.com\/lamarseillaise\/news\/wp-json\/wp\/v2\/is_homepage?post=33169"},{"taxonomy":"ta_other","embeddable":true,"href":"https:\/\/euapp01.newsmemory.com\/lamarseillaise\/news\/wp-json\/wp\/v2\/ta_other?post=33169"}],"curies":[{"name":"wp","href":"https:\/\/api.w.org\/{rel}","templated":true}]}}