{"id":19596,"date":"2026-02-13T08:32:00","date_gmt":"2026-02-13T06:32:00","guid":{"rendered":"https:\/\/euapp01.newsmemory.com\/lamarseillaise\/news\/?p=19596"},"modified":"2026-02-13T10:04:24","modified_gmt":"2026-02-13T08:04:24","slug":"a-aix-sophie-joissains-inaugure-son-local-de-campagne-sur-le-cours","status":"publish","type":"post","link":"https:\/\/euapp01.newsmemory.com\/lamarseillaise\/news\/2026\/02\/13\/a-aix-sophie-joissains-inaugure-son-local-de-campagne-sur-le-cours\/","title":{"rendered":"\u00c0 Aix, Sophie Joissains inaugure son local de campagne sur le Cours"},"content":{"rendered":"<div class=\"paragraph\">\n<p>Au bas du Cours Mirabeau, face \u00e0 la permanence \u00e9lectorale de Sophie Joissains, l\u2019\u00e9quipe de campagne comptait \u00ab\u00a0<i>600 personnes<\/i><i>\u00a0<\/i>\u00bb<i>, <\/i>agglutin\u00e9es. Apr\u00e8s avoir confirm\u00e9 sa candidature \u00e0 sa r\u00e9\u00e9lection par voie de presse, puis une s\u00e9quence de tractages sur les march\u00e9s ce week-end, la maire sortante (UDI), s\u2019est adress\u00e9e pour la premi\u00e8re fois \u00e0 la foule aixoise, \u00e0 l\u2019occasion de l\u2019inauguration de son local. Parmi la foule, les soutiens de Gr\u00e9gory Allione, d\u00e9put\u00e9 europ\u00e9en (Renew) ou Brigitte Devesa, s\u00e9natrice (UDI). Pas de nom de liste, mais un bilan de mandat et des esquisses de programme. \u00c0 commencer par une promesse\u00a0: pas d\u2019augmentation de la fiscalit\u00e9 communale. \u00ab\u00a0<i>Demain, je m\u2019engage \u00e0 poursuivre cet engagement. Ne pas augmenter les imp\u00f4ts ce n\u2019est pas un slogan c\u2019est un choix politique fort. C\u2019est d\u00e9fendre le pouvoir d\u2019achat des familles, des agriculteurs, des jeunes actifs, des retrait\u00e9s&#8230;<\/i><i>\u00a0<\/i>\u00bb Second<i> <\/i>\u00ab<i>\u00a0<\/i><i>pilier<\/i><i>\u00a0<\/i>\u00bb<i> <\/i>d\u00e9fendu par la candidate\u00a0: la tranquillit\u00e9 publique. \u00ab<i>\u00a0<\/i><i>De nombreux pr\u00e9tendants \u00e0 l\u2019H\u00f4tel de Ville se sont empar\u00e9s de cette s\u00e9mantique que j\u2019ai de mon c\u00f4t\u00e9 longtemps int\u00e9gr\u00e9e \u00e0 ma r\u00e9flexion, et surtout \u00e0 mon action. Elle me sert de boussole au quotidien, quand d\u2019autres pr\u00e9f\u00e8rent attiser les peurs<\/i><i>\u00a0<\/i>\u00bb<i>,<\/i> lance Sophie Joissains.<i> <\/i>\u00ab<i>\u00a0<\/i><i>Demain, pour recevoir les nouveaux effectifs de police et ceux \u00e0 venir, parce que je continuerais \u00e0 en recruter 10 par an, un nouveau commissariat verra le jour. Deux bases de proximit\u00e9 seront \u00e9tablies au nord et au sud de la ville<\/i><i>\u00a0<\/i>\u00bb, poursuit la candidate. Entre autres premi\u00e8res promesses&#8230;<\/p>\n<\/p><\/div>\n","protected":false},"excerpt":{"rendered":"Au bas du Cours Mirabeau, face &agrave; la permanence &eacute;lectorale de Sophie Joissains, l&rsquo;&eacute;quipe de campagne comptait &laquo;&nbsp;600 personnes&nbsp;&raquo;, agglutin&eacute;es. Apr&egrave;s avoir confirm&eacute; sa candidature &#8230;","protected":false},"author":1,"featured_media":19597,"comment_status":"open","ping_status":"open","sticky":false,"template":"","format":"standard","meta":{"footnotes":""},"categories":[330],"tags":[556,10,738,478,1658],"news-destination":[],"news-source":[475],"is_homepage":[],"ta_other":[],"class_list":["post-19596","post","type-post","status-publish","format-standard","has-post-thumbnail","hentry","category-politique","tag-aix-en-provence","tag-bouches-du-rhone","tag-elections-municipales-2026","tag-municipales","tag-sophie-joissains","news-source-website"],"_links":{"self":[{"href":"https:\/\/euapp01.newsmemory.com\/lamarseillaise\/news\/wp-json\/wp\/v2\/posts\/19596","targetHints":{"allow":["GET"]}}],"collection":[{"href":"https:\/\/euapp01.newsmemory.com\/lamarseillaise\/news\/wp-json\/wp\/v2\/posts"}],"about":[{"href":"https:\/\/euapp01.newsmemory.com\/lamarseillaise\/news\/wp-json\/wp\/v2\/types\/post"}],"author":[{"embeddable":true,"href":"https:\/\/euapp01.newsmemory.com\/lamarseillaise\/news\/wp-json\/wp\/v2\/users\/1"}],"replies":[{"embeddable":true,"href":"https:\/\/euapp01.newsmemory.com\/lamarseillaise\/news\/wp-json\/wp\/v2\/comments?post=19596"}],"version-history":[{"count":1,"href":"https:\/\/euapp01.newsmemory.com\/lamarseillaise\/news\/wp-json\/wp\/v2\/posts\/19596\/revisions"}],"predecessor-version":[{"id":19598,"href":"https:\/\/euapp01.newsmemory.com\/lamarseillaise\/news\/wp-json\/wp\/v2\/posts\/19596\/revisions\/19598"}],"wp:featuredmedia":[{"embeddable":true,"href":"https:\/\/euapp01.newsmemory.com\/lamarseillaise\/news\/wp-json\/wp\/v2\/media\/19597"}],"wp:attachment":[{"href":"https:\/\/euapp01.newsmemory.com\/lamarseillaise\/news\/wp-json\/wp\/v2\/media?parent=19596"}],"wp:term":[{"taxonomy":"category","embeddable":true,"href":"https:\/\/euapp01.newsmemory.com\/lamarseillaise\/news\/wp-json\/wp\/v2\/categories?post=19596"},{"taxonomy":"post_tag","embeddable":true,"href":"https:\/\/euapp01.newsmemory.com\/lamarseillaise\/news\/wp-json\/wp\/v2\/tags?post=19596"},{"taxonomy":"news-destination","embeddable":true,"href":"https:\/\/euapp01.newsmemory.com\/lamarseillaise\/news\/wp-json\/wp\/v2\/news-destination?post=19596"},{"taxonomy":"news-source","embeddable":true,"href":"https:\/\/euapp01.newsmemory.com\/lamarseillaise\/news\/wp-json\/wp\/v2\/news-source?post=19596"},{"taxonomy":"is_homepage","embeddable":true,"href":"https:\/\/euapp01.newsmemory.com\/lamarseillaise\/news\/wp-json\/wp\/v2\/is_homepage?post=19596"},{"taxonomy":"ta_other","embeddable":true,"href":"https:\/\/euapp01.newsmemory.com\/lamarseillaise\/news\/wp-json\/wp\/v2\/ta_other?post=19596"}],"curies":[{"name":"wp","href":"https:\/\/api.w.org\/{rel}","templated":true}]}}