{"id":12903,"date":"2025-12-04T19:55:00","date_gmt":"2025-12-04T17:55:00","guid":{"rendered":"https:\/\/euapp01.newsmemory.com\/lamarseillaise\/news\/?p=12903"},"modified":"2025-12-05T09:49:27","modified_gmt":"2025-12-05T07:49:27","slug":"letoile-de-besseges-2026-placee-sous-haute-securite","status":"publish","type":"post","link":"https:\/\/euapp01.newsmemory.com\/lamarseillaise\/news\/2025\/12\/04\/letoile-de-besseges-2026-placee-sous-haute-securite\/","title":{"rendered":"L\u2019\u00c9toile de Bess\u00e8ges 2026 plac\u00e9e sous haute s\u00e9curit\u00e9"},"content":{"rendered":"<div class=\"paragraph\">\n<p>L\u2019\u00c9toile de Bess\u00e8ges &#8211; Tour du Gard a pr\u00e9sent\u00e9 le 3\u00a0d\u00e9cembre les contours de sa 56<sup>e<\/sup> \u00e9dition, qui se d\u00e9roulera du 4 au 8\u00a0f\u00e9vrier 2026. Pourtant rien n\u2019\u00e9tait d\u2019acquis. \u00ab\u00a0<i>En f\u00e9vrier<\/i><i>\u00a0<\/i><i>2025, je n\u2019\u00e9tais pas tr\u00e8s motiv\u00e9e \u00e0 l\u2019id\u00e9e de repartir<\/i>\u00a0\u00bb, confie l\u2019organisatrice Claudine Fangille-All\u00e8gre, encore marqu\u00e9e par les incidents de l\u2019\u00e9dition pr\u00e9c\u00e9dente. Apr\u00e8s une voiture \u00e0 contresens lors de la 3<sup>e<\/sup> \u00e9tape et l\u2019abandon de plusieurs \u00e9quipes \u00e9trang\u00e8res, la course avait fr\u00f4l\u00e9 l\u2019arr\u00eat. \u00ab\u00a0<i>J\u2019\u00e9tais m\u00eame pr\u00eate \u00e0 tout arr\u00eater, puis j\u2019ai re\u00e7u un nombre incalculable de messages de soutien. \u00c7a rebooste.<\/i>\u00a0\u00bb La m\u00e9moire de son p\u00e8re, Roland Fangille, fondateur de l\u2019\u00e9preuve en 1971, semble aussi l\u2019accompagner\u00a0: \u00ab<i>\u00a0<\/i><i>Nous avons tenu parce qu\u2019on y croyait<\/i><i>\u00a0<\/i>\u00bb, disait-il. En 2026, l\u2019\u00c9toile \u00ab\u00a0tient\u00a0\u00bb encore.<\/p>\n<p>Pour retrouver la confiance des \u00e9quipes, l\u2019organisation a revu son fonctionnement en profondeur. La pr\u00e9fecture et la gendarmerie ont travaill\u00e9 main dans la main pour calquer certains dispositifs du Tour de France. \u00ab\u00a0<i>La bulle de s\u00e9curit\u00e9 sera compos\u00e9e de vingt motocyclistes d\u00e9di\u00e9s exclusivement \u00e0 la s\u00e9curit\u00e9, \u00e9paul\u00e9s par une association habilit\u00e9e<\/i><i>\u00a0<\/i>\u00bb, d\u00e9taille le capitaine de gendarmerie Micka\u00ebl Dubois. Dix motos \u00ab\u00a0flamme jaune\u00a0\u00bb suppl\u00e9mentaires signaleront les obstacles. \u00ab<i>\u00a0<\/i><i>Dans l\u2019Hexagone, seul le Tour de France a un dispositif plus important<\/i>\u00a0\u00bb, souligne Romain Le Roux, responsable s\u00e9curit\u00e9. Un livret a \u00e9t\u00e9 transmis aux maires des 103 communes travers\u00e9es, et chaque arriv\u00e9e se fera sur un circuit, plus facile \u00e0 s\u00e9curiser. \u00ab<i>\u00a0<\/i><i>Le cyclisme \u00e9volue vite, on s\u2019adapte. Ce fonctionnement est la bonne solution<\/i><i>\u00a0<\/i>\u00bb, insiste Le Roux.<\/p>\n<p>C\u00f4t\u00e9 sportif, vingt \u00e9quipes et 126\u00a0coureurs sont attendus. Les formations rest\u00e9es jusqu\u2019au bout l\u2019an dernier sont prioritaires\u00a0: \u00ab\u00a0<i>Sans elles, nous ne serions peut-\u00eatre pas l\u00e0<\/i><i>\u00a0<\/i>\u00bb, souligne Claudine Fangille-All\u00e8gre. Les candidatures sont ouvertes jusqu\u2019au 15\u00a0d\u00e9cembre. Le peloton s\u2019\u00e9lancera sur quatre \u00e9tapes en ligne &#8211; de Bellegarde, Saint-Gilles, Bess\u00e8ges et Saint-Christol-lez-Al\u00e8s &#8211; avant un contre-la-montre final \u00e0 Al\u00e8s. L\u2019\u00c9toile, \u00e9prouv\u00e9e mais d\u00e9termin\u00e9e, brille toujours.<\/p>\n<\/p><\/div>\n","protected":false},"excerpt":{"rendered":"L&rsquo;&Eacute;toile de Bess&egrave;ges &#8211; Tour du Gard a pr&eacute;sent&eacute; le 3&nbsp;d&eacute;cembre les contours de sa 56e &eacute;dition, qui se d&eacute;roulera du 4 au 8&nbsp;f&eacute;vrier 2026. Pourtant rien n&rsquo;&eacute;tait &#8230;","protected":false},"author":1,"featured_media":12904,"comment_status":"open","ping_status":"open","sticky":false,"template":"","format":"standard","meta":{"footnotes":""},"categories":[7],"tags":[1537,4039,1144,4038,238,807],"news-destination":[],"news-source":[475],"is_homepage":[],"ta_other":[],"class_list":["post-12903","post","type-post","status-publish","format-standard","has-post-thumbnail","hentry","category-sports","tag-besseges","tag-course-cycliste","tag-cyclisme","tag-etoile-de-besseges","tag-gard","tag-velo","news-source-website"],"_links":{"self":[{"href":"https:\/\/euapp01.newsmemory.com\/lamarseillaise\/news\/wp-json\/wp\/v2\/posts\/12903","targetHints":{"allow":["GET"]}}],"collection":[{"href":"https:\/\/euapp01.newsmemory.com\/lamarseillaise\/news\/wp-json\/wp\/v2\/posts"}],"about":[{"href":"https:\/\/euapp01.newsmemory.com\/lamarseillaise\/news\/wp-json\/wp\/v2\/types\/post"}],"author":[{"embeddable":true,"href":"https:\/\/euapp01.newsmemory.com\/lamarseillaise\/news\/wp-json\/wp\/v2\/users\/1"}],"replies":[{"embeddable":true,"href":"https:\/\/euapp01.newsmemory.com\/lamarseillaise\/news\/wp-json\/wp\/v2\/comments?post=12903"}],"version-history":[{"count":2,"href":"https:\/\/euapp01.newsmemory.com\/lamarseillaise\/news\/wp-json\/wp\/v2\/posts\/12903\/revisions"}],"predecessor-version":[{"id":13011,"href":"https:\/\/euapp01.newsmemory.com\/lamarseillaise\/news\/wp-json\/wp\/v2\/posts\/12903\/revisions\/13011"}],"wp:featuredmedia":[{"embeddable":true,"href":"https:\/\/euapp01.newsmemory.com\/lamarseillaise\/news\/wp-json\/wp\/v2\/media\/12904"}],"wp:attachment":[{"href":"https:\/\/euapp01.newsmemory.com\/lamarseillaise\/news\/wp-json\/wp\/v2\/media?parent=12903"}],"wp:term":[{"taxonomy":"category","embeddable":true,"href":"https:\/\/euapp01.newsmemory.com\/lamarseillaise\/news\/wp-json\/wp\/v2\/categories?post=12903"},{"taxonomy":"post_tag","embeddable":true,"href":"https:\/\/euapp01.newsmemory.com\/lamarseillaise\/news\/wp-json\/wp\/v2\/tags?post=12903"},{"taxonomy":"news-destination","embeddable":true,"href":"https:\/\/euapp01.newsmemory.com\/lamarseillaise\/news\/wp-json\/wp\/v2\/news-destination?post=12903"},{"taxonomy":"news-source","embeddable":true,"href":"https:\/\/euapp01.newsmemory.com\/lamarseillaise\/news\/wp-json\/wp\/v2\/news-source?post=12903"},{"taxonomy":"is_homepage","embeddable":true,"href":"https:\/\/euapp01.newsmemory.com\/lamarseillaise\/news\/wp-json\/wp\/v2\/is_homepage?post=12903"},{"taxonomy":"ta_other","embeddable":true,"href":"https:\/\/euapp01.newsmemory.com\/lamarseillaise\/news\/wp-json\/wp\/v2\/ta_other?post=12903"}],"curies":[{"name":"wp","href":"https:\/\/api.w.org\/{rel}","templated":true}]}}